{"id":42862,"date":"2025-09-25T18:59:40","date_gmt":"2025-09-25T21:59:40","guid":{"rendered":"https:\/\/radiostudiow.com.br\/site\/?p=42862"},"modified":"2025-09-25T19:00:08","modified_gmt":"2025-09-25T22:00:08","slug":"briga-em-frente-a-supermercado-mobiliza-policia-e-bombeiros-em-sao-mateus-do-sul","status":"publish","type":"post","link":"https:\/\/radiostudiow.com.br\/site\/2025\/09\/25\/briga-em-frente-a-supermercado-mobiliza-policia-e-bombeiros-em-sao-mateus-do-sul\/","title":{"rendered":"Briga em frente a supermercado mobiliza pol\u00edcia e bombeiros em S\u00e3o Mateus do Sul"},"content":{"rendered":"\n<figure class=\"wp-block-image size-full\"><img loading=\"lazy\" decoding=\"async\" width=\"598\" height=\"204\" src=\"https:\/\/radiostudiow.com.br\/site\/wp-content\/uploads\/2025\/01\/SITE-MEDIO7.png\" alt=\"\" class=\"wp-image-32801\" srcset=\"https:\/\/radiostudiow.com.br\/site\/wp-content\/uploads\/2025\/01\/SITE-MEDIO7.png 598w, https:\/\/radiostudiow.com.br\/site\/wp-content\/uploads\/2025\/01\/SITE-MEDIO7-300x102.png 300w\" sizes=\"auto, (max-width: 598px) 100vw, 598px\" \/><\/figure>\n\n\n\n<p class=\"has-text-align-center\"><em>Da reda\u00e7\u00e3o Portal RDX<\/em><\/p>\n\n\n\n<p>Uma briga entre dois homens em frente a um supermercado na \u00e1rea central de S\u00e3o Mateus do Sul mobilizou a Pol\u00edcia Militar na noite de quarta-feira (24).<\/p>\n\n\n\n<p>Segundo a ocorr\u00eancia, os envolvidos estavam em luta corporal quando a equipe chegou ao local. Durante a abordagem, foi constatado que um dos homens, de 45 anos, apresentava ferimento no couro cabeludo. Ele recebeu atendimento do Corpo de Bombeiros e, ap\u00f3s avalia\u00e7\u00e3o m\u00e9dica, foi liberado.<\/p>\n\n\n\n<p>Ap\u00f3s a situa\u00e7\u00e3o ser controlada, ambos foram encaminhados \u00e0 3\u00aa Companhia da Pol\u00edcia Militar, onde foi lavrado um Termo Circunstanciado. O homem ferido sofreu apenas les\u00f5es leves. A motiva\u00e7\u00e3o da briga n\u00e3o foi revelada pelas autoridades.<\/p>\n\n\n\n<figure class=\"wp-block-image size-full\"><img loading=\"lazy\" decoding=\"async\" width=\"598\" height=\"204\" src=\"https:\/\/radiostudiow.com.br\/site\/wp-content\/uploads\/2024\/01\/SITE-MEDIO.png\" alt=\"\" class=\"wp-image-18916\" srcset=\"https:\/\/radiostudiow.com.br\/site\/wp-content\/uploads\/2024\/01\/SITE-MEDIO.png 598w, https:\/\/radiostudiow.com.br\/site\/wp-content\/uploads\/2024\/01\/SITE-MEDIO-300x102.png 300w\" sizes=\"auto, (max-width: 598px) 100vw, 598px\" \/><\/figure>\n","protected":false},"excerpt":{"rendered":"<p>Da reda\u00e7\u00e3o Portal RDX Uma briga entre dois homens em frente a um supermercado na \u00e1rea central de S\u00e3o Mateus do Sul mobilizou a Pol\u00edcia Militar na noite de quarta-feira (24). Segundo a ocorr\u00eancia, os envolvidos estavam em luta corporal quando a equipe chegou ao local. Durante a abordagem, foi constatado que um dos homens, [&hellip;]<\/p>\n","protected":false},"author":2,"featured_media":42863,"comment_status":"open","ping_status":"open","sticky":false,"template":"","format":"standard","meta":{"footnotes":""},"categories":[2],"tags":[172],"class_list":["post-42862","post","type-post","status-publish","format-standard","has-post-thumbnail","hentry","category-policial","tag-featured"],"amp_enabled":true,"_links":{"self":[{"href":"https:\/\/radiostudiow.com.br\/site\/wp-json\/wp\/v2\/posts\/42862","targetHints":{"allow":["GET"]}}],"collection":[{"href":"https:\/\/radiostudiow.com.br\/site\/wp-json\/wp\/v2\/posts"}],"about":[{"href":"https:\/\/radiostudiow.com.br\/site\/wp-json\/wp\/v2\/types\/post"}],"author":[{"embeddable":true,"href":"https:\/\/radiostudiow.com.br\/site\/wp-json\/wp\/v2\/users\/2"}],"replies":[{"embeddable":true,"href":"https:\/\/radiostudiow.com.br\/site\/wp-json\/wp\/v2\/comments?post=42862"}],"version-history":[{"count":1,"href":"https:\/\/radiostudiow.com.br\/site\/wp-json\/wp\/v2\/posts\/42862\/revisions"}],"predecessor-version":[{"id":42864,"href":"https:\/\/radiostudiow.com.br\/site\/wp-json\/wp\/v2\/posts\/42862\/revisions\/42864"}],"wp:featuredmedia":[{"embeddable":true,"href":"https:\/\/radiostudiow.com.br\/site\/wp-json\/wp\/v2\/media\/42863"}],"wp:attachment":[{"href":"https:\/\/radiostudiow.com.br\/site\/wp-json\/wp\/v2\/media?parent=42862"}],"wp:term":[{"taxonomy":"category","embeddable":true,"href":"https:\/\/radiostudiow.com.br\/site\/wp-json\/wp\/v2\/categories?post=42862"},{"taxonomy":"post_tag","embeddable":true,"href":"https:\/\/radiostudiow.com.br\/site\/wp-json\/wp\/v2\/tags?post=42862"}],"curies":[{"name":"wp","href":"https:\/\/api.w.org\/{rel}","templated":true}]}}