{"id":4287,"date":"2021-11-03T10:35:52","date_gmt":"2021-11-03T13:35:52","guid":{"rendered":"https:\/\/radiostudiow.com.br\/site\/?p=4287"},"modified":"2025-01-31T15:12:24","modified_gmt":"2025-01-31T18:12:24","slug":"mulher-aciona-pm-apos-vizinho-danificar-cerca-de-sua-propriedade-em-mallet","status":"publish","type":"post","link":"https:\/\/radiostudiow.com.br\/site\/2021\/11\/03\/mulher-aciona-pm-apos-vizinho-danificar-cerca-de-sua-propriedade-em-mallet\/","title":{"rendered":"Mulher aciona PM ap\u00f3s vizinho danificar cerca de sua propriedade em Mallet"},"content":{"rendered":"\n<p>Por volta das 08:45 horas dessa ter\u00e7a-feira, 02 de novembro, uma mulher compareceu ao Pelot\u00e3o da Pol\u00edcia Militar de Mallet ap\u00f3s ocorrer uma situa\u00e7\u00e3o de dano em sua propriedade.<\/p>\n\n\n\n<p>A solicitante passou a relatar que na manh\u00e3 de s\u00e1bado, 30 de outubro, seu vizinho ao manobrar o caminh\u00e3o colidiu contra sua cerca, a qual danificou.<\/p>\n\n\n\n<p>Diante da situa\u00e7\u00e3o a equipe policial orientou a v\u00edtima quanto aos procedimentos cab\u00edveis.<\/p>\n\n\n\n<figure class=\"wp-block-image size-full\"><img decoding=\"async\" src=\"https:\/\/radiostudiow.com.br\/site\/wp-content\/uploads\/2021\/08\/240387432_2992083691066122_4820772207429196742_n.jpg\" alt=\"\" class=\"wp-image-3380\"\/><\/figure>\n","protected":false},"excerpt":{"rendered":"<p>Por volta das 08:45 horas dessa ter\u00e7a-feira, 02 de novembro, uma mulher compareceu ao Pelot\u00e3o da Pol\u00edcia Militar de Mallet ap\u00f3s ocorrer uma situa\u00e7\u00e3o de dano em sua propriedade. A solicitante passou a relatar que na manh\u00e3 de s\u00e1bado, 30 de outubro, seu vizinho ao manobrar o caminh\u00e3o colidiu contra sua cerca, a qual danificou. [&hellip;]<\/p>\n","protected":false},"author":2,"featured_media":3591,"comment_status":"open","ping_status":"open","sticky":false,"template":"","format":"standard","meta":{"footnotes":""},"categories":[2],"tags":[172],"class_list":["post-4287","post","type-post","status-publish","format-standard","has-post-thumbnail","hentry","category-policial","tag-featured"],"amp_enabled":true,"_links":{"self":[{"href":"https:\/\/radiostudiow.com.br\/site\/wp-json\/wp\/v2\/posts\/4287","targetHints":{"allow":["GET"]}}],"collection":[{"href":"https:\/\/radiostudiow.com.br\/site\/wp-json\/wp\/v2\/posts"}],"about":[{"href":"https:\/\/radiostudiow.com.br\/site\/wp-json\/wp\/v2\/types\/post"}],"author":[{"embeddable":true,"href":"https:\/\/radiostudiow.com.br\/site\/wp-json\/wp\/v2\/users\/2"}],"replies":[{"embeddable":true,"href":"https:\/\/radiostudiow.com.br\/site\/wp-json\/wp\/v2\/comments?post=4287"}],"version-history":[{"count":2,"href":"https:\/\/radiostudiow.com.br\/site\/wp-json\/wp\/v2\/posts\/4287\/revisions"}],"predecessor-version":[{"id":4292,"href":"https:\/\/radiostudiow.com.br\/site\/wp-json\/wp\/v2\/posts\/4287\/revisions\/4292"}],"wp:featuredmedia":[{"embeddable":true,"href":"https:\/\/radiostudiow.com.br\/site\/wp-json\/wp\/v2\/media\/3591"}],"wp:attachment":[{"href":"https:\/\/radiostudiow.com.br\/site\/wp-json\/wp\/v2\/media?parent=4287"}],"wp:term":[{"taxonomy":"category","embeddable":true,"href":"https:\/\/radiostudiow.com.br\/site\/wp-json\/wp\/v2\/categories?post=4287"},{"taxonomy":"post_tag","embeddable":true,"href":"https:\/\/radiostudiow.com.br\/site\/wp-json\/wp\/v2\/tags?post=4287"}],"curies":[{"name":"wp","href":"https:\/\/api.w.org\/{rel}","templated":true}]}}