{"id":42882,"date":"2025-09-26T11:44:04","date_gmt":"2025-09-26T14:44:04","guid":{"rendered":"https:\/\/radiostudiow.com.br\/site\/?p=42882"},"modified":"2025-09-26T11:44:05","modified_gmt":"2025-09-26T14:44:05","slug":"policia-militar-de-bituruna-prende-homem-suspeito-por-trafico-de-drogas","status":"publish","type":"post","link":"https:\/\/radiostudiow.com.br\/site\/2025\/09\/26\/policia-militar-de-bituruna-prende-homem-suspeito-por-trafico-de-drogas\/","title":{"rendered":"Pol\u00edcia Militar de Bituruna prende homem suspeito por tr\u00e1fico de drogas"},"content":{"rendered":"\n<figure class=\"wp-block-image size-full\"><img loading=\"lazy\" decoding=\"async\" width=\"897\" height=\"207\" src=\"https:\/\/radiostudiow.com.br\/site\/wp-content\/uploads\/2025\/07\/TIJOLAO.png\" alt=\"\" class=\"wp-image-40184\" srcset=\"https:\/\/radiostudiow.com.br\/site\/wp-content\/uploads\/2025\/07\/TIJOLAO.png 897w, https:\/\/radiostudiow.com.br\/site\/wp-content\/uploads\/2025\/07\/TIJOLAO-300x69.png 300w, https:\/\/radiostudiow.com.br\/site\/wp-content\/uploads\/2025\/07\/TIJOLAO-768x177.png 768w\" sizes=\"auto, (max-width: 897px) 100vw, 897px\" \/><\/figure>\n\n\n\n<p>A equipe da RPA &#8211; R\u00e1dio Patrulha da Pol\u00edcia Militar de Bituruna receberam den\u00fancia de que um ve\u00edculo utilizado para trafic\u00e2ncia estava no bairro S\u00e3o Jo\u00e3o por volta das 16 horas dessa quinta-feira (25).<\/p>\n\n\n\n<p>Ap\u00f3s abordagem, foram encontrados no interior do veiculo drogas e objetos que caracterizam o crime supracitado. Autores, ve\u00edculo, objetos e drogas apreendidas encaminhados at\u00e9 a 4\u00aa SDP para procedimentos cab\u00edveis.<\/p>\n","protected":false},"excerpt":{"rendered":"<p>A equipe da RPA &#8211; R\u00e1dio Patrulha da Pol\u00edcia Militar de Bituruna receberam den\u00fancia de que um ve\u00edculo utilizado para trafic\u00e2ncia estava no bairro S\u00e3o Jo\u00e3o por volta das 16 horas dessa quinta-feira (25). Ap\u00f3s abordagem, foram encontrados no interior do veiculo drogas e objetos que caracterizam o crime supracitado. Autores, ve\u00edculo, objetos e drogas [&hellip;]<\/p>\n","protected":false},"author":2,"featured_media":42883,"comment_status":"open","ping_status":"open","sticky":false,"template":"","format":"standard","meta":{"footnotes":""},"categories":[2],"tags":[172],"class_list":["post-42882","post","type-post","status-publish","format-standard","has-post-thumbnail","hentry","category-policial","tag-featured"],"amp_enabled":true,"_links":{"self":[{"href":"https:\/\/radiostudiow.com.br\/site\/wp-json\/wp\/v2\/posts\/42882","targetHints":{"allow":["GET"]}}],"collection":[{"href":"https:\/\/radiostudiow.com.br\/site\/wp-json\/wp\/v2\/posts"}],"about":[{"href":"https:\/\/radiostudiow.com.br\/site\/wp-json\/wp\/v2\/types\/post"}],"author":[{"embeddable":true,"href":"https:\/\/radiostudiow.com.br\/site\/wp-json\/wp\/v2\/users\/2"}],"replies":[{"embeddable":true,"href":"https:\/\/radiostudiow.com.br\/site\/wp-json\/wp\/v2\/comments?post=42882"}],"version-history":[{"count":1,"href":"https:\/\/radiostudiow.com.br\/site\/wp-json\/wp\/v2\/posts\/42882\/revisions"}],"predecessor-version":[{"id":42884,"href":"https:\/\/radiostudiow.com.br\/site\/wp-json\/wp\/v2\/posts\/42882\/revisions\/42884"}],"wp:featuredmedia":[{"embeddable":true,"href":"https:\/\/radiostudiow.com.br\/site\/wp-json\/wp\/v2\/media\/42883"}],"wp:attachment":[{"href":"https:\/\/radiostudiow.com.br\/site\/wp-json\/wp\/v2\/media?parent=42882"}],"wp:term":[{"taxonomy":"category","embeddable":true,"href":"https:\/\/radiostudiow.com.br\/site\/wp-json\/wp\/v2\/categories?post=42882"},{"taxonomy":"post_tag","embeddable":true,"href":"https:\/\/radiostudiow.com.br\/site\/wp-json\/wp\/v2\/tags?post=42882"}],"curies":[{"name":"wp","href":"https:\/\/api.w.org\/{rel}","templated":true}]}}