{"id":42905,"date":"2025-09-27T09:24:06","date_gmt":"2025-09-27T12:24:06","guid":{"rendered":"https:\/\/radiostudiow.com.br\/site\/?p=42905"},"modified":"2025-09-27T09:24:48","modified_gmt":"2025-09-27T12:24:48","slug":"idosa-de-90-anos-e-resgatada-de-paiol-em-condicoes-subumanas-cuidador-e-preso","status":"publish","type":"post","link":"https:\/\/radiostudiow.com.br\/site\/2025\/09\/27\/idosa-de-90-anos-e-resgatada-de-paiol-em-condicoes-subumanas-cuidador-e-preso\/","title":{"rendered":"Idosa de 90 anos \u00e9 resgatada de paiol em condi\u00e7\u00f5es subumanas em Cruz Machado"},"content":{"rendered":"\n<figure class=\"wp-block-image size-full\"><img loading=\"lazy\" decoding=\"async\" width=\"897\" height=\"204\" src=\"https:\/\/radiostudiow.com.br\/site\/wp-content\/uploads\/2025\/03\/image-62.png\" alt=\"\" class=\"wp-image-35859\" srcset=\"https:\/\/radiostudiow.com.br\/site\/wp-content\/uploads\/2025\/03\/image-62.png 897w, https:\/\/radiostudiow.com.br\/site\/wp-content\/uploads\/2025\/03\/image-62-300x68.png 300w, https:\/\/radiostudiow.com.br\/site\/wp-content\/uploads\/2025\/03\/image-62-768x175.png 768w\" sizes=\"auto, (max-width: 897px) 100vw, 897px\" \/><\/figure>\n\n\n\n<p>Uma opera\u00e7\u00e3o conjunta da Pol\u00edcia Militar, Minist\u00e9rio P\u00fablico e equipes de assist\u00eancia social e sa\u00fade resultou no resgate chocante de uma idosa de 90 anos que vivia em condi\u00e7\u00f5es extremamente prec\u00e1rias.<\/p>\n\n\n\n<p>A a\u00e7\u00e3o foi realizada por volta das 17h30min desta sexta-feira, 26 de setembro, na Linha Palmital, interior de Cruz Machado, culminou na pris\u00e3o do cuidador da idosa.<\/p>\n\n\n\n<p>A opera\u00e7\u00e3o foi desencadeada ap\u00f3s um despacho do Minist\u00e9rio P\u00fablico, motivado por den\u00fancias de maus-tratos e poss\u00edvel c\u00e1rcere privado.\u00a0Ao chegarem \u00e0 propriedade rural, as autoridades encontraram a idosa em um paiol de madeira, com acesso dif\u00edcil e sem quaisquer instala\u00e7\u00f5es sanit\u00e1rias.<\/p>\n\n\n\n<figure class=\"wp-block-image size-full\"><img loading=\"lazy\" decoding=\"async\" width=\"598\" height=\"204\" src=\"https:\/\/radiostudiow.com.br\/site\/wp-content\/uploads\/2025\/05\/POLAK.png\" alt=\"\" class=\"wp-image-37847\" srcset=\"https:\/\/radiostudiow.com.br\/site\/wp-content\/uploads\/2025\/05\/POLAK.png 598w, https:\/\/radiostudiow.com.br\/site\/wp-content\/uploads\/2025\/05\/POLAK-300x102.png 300w\" sizes=\"auto, (max-width: 598px) 100vw, 598px\" \/><\/figure>\n\n\n\n<p>O homem que se apresentava como cuidador da idosa foi preso em flagrante pelos crimes de maus-tratos contra idoso e viol\u00eancia dom\u00e9stica.\u00a0A v\u00edtima recebeu os primeiros atendimentos e foi encaminhada para cuidados adequados.<\/p>\n\n\n\n<p>Este resgate acende um alerta para a import\u00e2ncia da den\u00fancia de casos de maus-tratos e neglig\u00eancia contra idosos, garantindo que as autoridades possam intervir e proteger os mais vulner\u00e1veis.<\/p>\n","protected":false},"excerpt":{"rendered":"<p>Uma opera\u00e7\u00e3o conjunta da Pol\u00edcia Militar, Minist\u00e9rio P\u00fablico e equipes de assist\u00eancia social e sa\u00fade resultou no resgate chocante de uma idosa de 90 anos que vivia em condi\u00e7\u00f5es extremamente prec\u00e1rias. A a\u00e7\u00e3o foi realizada por volta das 17h30min desta sexta-feira, 26 de setembro, na Linha Palmital, interior de Cruz Machado, culminou na pris\u00e3o do [&hellip;]<\/p>\n","protected":false},"author":2,"featured_media":34477,"comment_status":"open","ping_status":"open","sticky":false,"template":"","format":"standard","meta":{"footnotes":""},"categories":[2],"tags":[172],"class_list":["post-42905","post","type-post","status-publish","format-standard","has-post-thumbnail","hentry","category-policial","tag-featured"],"amp_enabled":true,"_links":{"self":[{"href":"https:\/\/radiostudiow.com.br\/site\/wp-json\/wp\/v2\/posts\/42905","targetHints":{"allow":["GET"]}}],"collection":[{"href":"https:\/\/radiostudiow.com.br\/site\/wp-json\/wp\/v2\/posts"}],"about":[{"href":"https:\/\/radiostudiow.com.br\/site\/wp-json\/wp\/v2\/types\/post"}],"author":[{"embeddable":true,"href":"https:\/\/radiostudiow.com.br\/site\/wp-json\/wp\/v2\/users\/2"}],"replies":[{"embeddable":true,"href":"https:\/\/radiostudiow.com.br\/site\/wp-json\/wp\/v2\/comments?post=42905"}],"version-history":[{"count":2,"href":"https:\/\/radiostudiow.com.br\/site\/wp-json\/wp\/v2\/posts\/42905\/revisions"}],"predecessor-version":[{"id":42907,"href":"https:\/\/radiostudiow.com.br\/site\/wp-json\/wp\/v2\/posts\/42905\/revisions\/42907"}],"wp:featuredmedia":[{"embeddable":true,"href":"https:\/\/radiostudiow.com.br\/site\/wp-json\/wp\/v2\/media\/34477"}],"wp:attachment":[{"href":"https:\/\/radiostudiow.com.br\/site\/wp-json\/wp\/v2\/media?parent=42905"}],"wp:term":[{"taxonomy":"category","embeddable":true,"href":"https:\/\/radiostudiow.com.br\/site\/wp-json\/wp\/v2\/categories?post=42905"},{"taxonomy":"post_tag","embeddable":true,"href":"https:\/\/radiostudiow.com.br\/site\/wp-json\/wp\/v2\/tags?post=42905"}],"curies":[{"name":"wp","href":"https:\/\/api.w.org\/{rel}","templated":true}]}}