{"id":42909,"date":"2025-09-27T09:30:51","date_gmt":"2025-09-27T12:30:51","guid":{"rendered":"https:\/\/radiostudiow.com.br\/site\/?p=42909"},"modified":"2025-09-27T09:30:52","modified_gmt":"2025-09-27T12:30:52","slug":"violencia-domestica-termina-com-dois-feridos-em-uniao-da-vitoria","status":"publish","type":"post","link":"https:\/\/radiostudiow.com.br\/site\/2025\/09\/27\/violencia-domestica-termina-com-dois-feridos-em-uniao-da-vitoria\/","title":{"rendered":"Viol\u00eancia dom\u00e9stica termina com dois feridos em Uni\u00e3o da Vit\u00f3ria"},"content":{"rendered":"\n<figure class=\"wp-block-image size-full\"><img loading=\"lazy\" decoding=\"async\" width=\"897\" height=\"204\" src=\"https:\/\/radiostudiow.com.br\/site\/wp-content\/uploads\/2025\/06\/BARROS.png\" alt=\"\" class=\"wp-image-39575\" srcset=\"https:\/\/radiostudiow.com.br\/site\/wp-content\/uploads\/2025\/06\/BARROS.png 897w, https:\/\/radiostudiow.com.br\/site\/wp-content\/uploads\/2025\/06\/BARROS-300x68.png 300w, https:\/\/radiostudiow.com.br\/site\/wp-content\/uploads\/2025\/06\/BARROS-768x175.png 768w\" sizes=\"auto, (max-width: 897px) 100vw, 897px\" \/><\/figure>\n\n\n\n<p>A equipe da Pol\u00edcia Militar de Uni\u00e3o da Vit\u00f3ria atendeu a uma ocorr\u00eancia de viol\u00eancia dom\u00e9stica no bairro S\u00e3o Sebasti\u00e3o por volta das 20h35min da noite desta sexta-feira (26).\u00a0A a\u00e7\u00e3o resultou no suspeito ferido e no encaminhamento de ambos \u00e0 delegacia para esclarecimentos.<\/p>\n\n\n\n<p>Informa\u00e7\u00f5es iniciais indicavam que uma mulher estaria sendo agredida por seu companheiro em uma resid\u00eancia.\u00a0Durante o deslocamento da equipe, uma nova den\u00fancia reportou que uma briga estava em andamento no mesmo local.<\/p>\n\n\n\n<figure class=\"wp-block-image size-full\"><img loading=\"lazy\" decoding=\"async\" width=\"598\" height=\"204\" src=\"https:\/\/radiostudiow.com.br\/site\/wp-content\/uploads\/2025\/01\/SITE-MEDIO7.png\" alt=\"\" class=\"wp-image-32801\" srcset=\"https:\/\/radiostudiow.com.br\/site\/wp-content\/uploads\/2025\/01\/SITE-MEDIO7.png 598w, https:\/\/radiostudiow.com.br\/site\/wp-content\/uploads\/2025\/01\/SITE-MEDIO7-300x102.png 300w\" sizes=\"auto, (max-width: 598px) 100vw, 598px\" \/><\/figure>\n\n\n\n<p>Ao chegarem, os policiais encontraram apenas a v\u00edtima, que relatou ter sido agredida fisicamente.\u00a0Ap\u00f3s buscas nas imedia\u00e7\u00f5es, o suspeito foi localizado escondido dentro de um ve\u00edculo, apresentando ferimentos na cabe\u00e7a<strong>.<\/strong><\/p>\n\n\n\n<p>O Corpo de Bombeiros foi acionado para prestar os primeiros socorros ao homem, que foi encaminhado para atendimento m\u00e9dico.\u00a0Em seguida, tanto a v\u00edtima quanto o suspeito foram conduzidos \u00e0 delegacia para os procedimentos legais e esclarecimentos sobre os fatos.<\/p>\n","protected":false},"excerpt":{"rendered":"<p>A equipe da Pol\u00edcia Militar de Uni\u00e3o da Vit\u00f3ria atendeu a uma ocorr\u00eancia de viol\u00eancia dom\u00e9stica no bairro S\u00e3o Sebasti\u00e3o por volta das 20h35min da noite desta sexta-feira (26).\u00a0A a\u00e7\u00e3o resultou no suspeito ferido e no encaminhamento de ambos \u00e0 delegacia para esclarecimentos. Informa\u00e7\u00f5es iniciais indicavam que uma mulher estaria sendo agredida por seu companheiro [&hellip;]<\/p>\n","protected":false},"author":2,"featured_media":33000,"comment_status":"open","ping_status":"open","sticky":false,"template":"","format":"standard","meta":{"footnotes":""},"categories":[2],"tags":[172],"class_list":["post-42909","post","type-post","status-publish","format-standard","has-post-thumbnail","hentry","category-policial","tag-featured"],"amp_enabled":true,"_links":{"self":[{"href":"https:\/\/radiostudiow.com.br\/site\/wp-json\/wp\/v2\/posts\/42909","targetHints":{"allow":["GET"]}}],"collection":[{"href":"https:\/\/radiostudiow.com.br\/site\/wp-json\/wp\/v2\/posts"}],"about":[{"href":"https:\/\/radiostudiow.com.br\/site\/wp-json\/wp\/v2\/types\/post"}],"author":[{"embeddable":true,"href":"https:\/\/radiostudiow.com.br\/site\/wp-json\/wp\/v2\/users\/2"}],"replies":[{"embeddable":true,"href":"https:\/\/radiostudiow.com.br\/site\/wp-json\/wp\/v2\/comments?post=42909"}],"version-history":[{"count":1,"href":"https:\/\/radiostudiow.com.br\/site\/wp-json\/wp\/v2\/posts\/42909\/revisions"}],"predecessor-version":[{"id":42910,"href":"https:\/\/radiostudiow.com.br\/site\/wp-json\/wp\/v2\/posts\/42909\/revisions\/42910"}],"wp:featuredmedia":[{"embeddable":true,"href":"https:\/\/radiostudiow.com.br\/site\/wp-json\/wp\/v2\/media\/33000"}],"wp:attachment":[{"href":"https:\/\/radiostudiow.com.br\/site\/wp-json\/wp\/v2\/media?parent=42909"}],"wp:term":[{"taxonomy":"category","embeddable":true,"href":"https:\/\/radiostudiow.com.br\/site\/wp-json\/wp\/v2\/categories?post=42909"},{"taxonomy":"post_tag","embeddable":true,"href":"https:\/\/radiostudiow.com.br\/site\/wp-json\/wp\/v2\/tags?post=42909"}],"curies":[{"name":"wp","href":"https:\/\/api.w.org\/{rel}","templated":true}]}}