{"id":42915,"date":"2025-09-27T10:11:08","date_gmt":"2025-09-27T13:11:08","guid":{"rendered":"https:\/\/radiostudiow.com.br\/site\/?p=42915"},"modified":"2025-09-27T10:11:23","modified_gmt":"2025-09-27T13:11:23","slug":"servidora-publica-de-antonio-olinto-e-afastada-do-cargo-apos-prisao-no-fim-de-semana","status":"publish","type":"post","link":"https:\/\/radiostudiow.com.br\/site\/2025\/09\/27\/servidora-publica-de-antonio-olinto-e-afastada-do-cargo-apos-prisao-no-fim-de-semana\/","title":{"rendered":"Servidora p\u00fablica de Ant\u00f4nio Olinto \u00e9 afastada do cargo ap\u00f3s pris\u00e3o no fim de semana"},"content":{"rendered":"\n<p class=\"has-text-align-center\"><em>Da reda\u00e7\u00e3o Portal V.Vale<\/em><\/p>\n\n\n\n<p>A servidora p\u00fablica do munic\u00edpio de Ant\u00f4nio Olinto, Maria Caroline de Camargo, que ocupava o cargo de secret\u00e1ria de Administra\u00e7\u00e3o, foi presa no fim de semana em S\u00e3o Mateus do Sul, onde morava com o companheiro. Segundo as investiga\u00e7\u00f5es, o casal \u00e9 suspeito de envolvimento com o tr\u00e1fico de drogas.<\/p>\n\n\n\n<p>De acordo com informa\u00e7\u00f5es da ocorr\u00eancia, na resid\u00eancia foram apreendidos dois celulares e por\u00e7\u00f5es de subst\u00e2ncia an\u00e1loga \u00e0 coca\u00edna, que estavam fracionadas para venda.<\/p>\n\n\n\n<figure class=\"wp-block-image size-full\"><img loading=\"lazy\" decoding=\"async\" width=\"897\" height=\"204\" src=\"https:\/\/radiostudiow.com.br\/site\/wp-content\/uploads\/2025\/02\/SITE-GRANDE7.png\" alt=\"\" class=\"wp-image-33861\" srcset=\"https:\/\/radiostudiow.com.br\/site\/wp-content\/uploads\/2025\/02\/SITE-GRANDE7.png 897w, https:\/\/radiostudiow.com.br\/site\/wp-content\/uploads\/2025\/02\/SITE-GRANDE7-300x68.png 300w, https:\/\/radiostudiow.com.br\/site\/wp-content\/uploads\/2025\/02\/SITE-GRANDE7-768x175.png 768w\" sizes=\"auto, (max-width: 897px) 100vw, 897px\" \/><\/figure>\n\n\n\n<p><strong>O que diz a Prefeitura<\/strong><br>Em nota oficial, a Prefeitura de Ant\u00f4nio Olinto confirmou o afastamento da servidora e anunciou a nomea\u00e7\u00e3o de um secret\u00e1rio interino para garantir a continuidade dos trabalhos da pasta. Assume o lugar de Caroline, Emerson Antonio Gomes.<\/p>\n\n\n\n<p>O comunicado destaca que Maria Caroline sempre exerceu suas fun\u00e7\u00f5es \u201ccom dedica\u00e7\u00e3o e compet\u00eancia, sem registros que desabonassem seu trabalho no \u00e2mbito da Administra\u00e7\u00e3o\u201d. A prefeitura tamb\u00e9m frisou que n\u00e3o \u00e9 respons\u00e1vel por atos praticados fora do exerc\u00edcio da fun\u00e7\u00e3o p\u00fablica ou no hor\u00e1rio de descanso dos servidores.<\/p>\n\n\n\n<p>Ainda conforme a nota, a servidora possui estabilidade provis\u00f3ria por estar gestante, conforme entendimento do Supremo Tribunal Federal (STF), o que impede a exonera\u00e7\u00e3o neste momento.<\/p>\n\n\n\n<p>A administra\u00e7\u00e3o municipal refor\u00e7ou confian\u00e7a no Poder Judici\u00e1rio para o devido esclarecimento dos fatos e reiterou que o epis\u00f3dio n\u00e3o tem rela\u00e7\u00e3o com a rotina da secretaria, j\u00e1 que teria ocorrido \u201cem hor\u00e1rio e local totalmente alheios ao exerc\u00edcio da fun\u00e7\u00e3o p\u00fablica\u201d.<\/p>\n\n\n\n<figure class=\"wp-block-image size-full\"><img loading=\"lazy\" decoding=\"async\" width=\"897\" height=\"204\" src=\"https:\/\/radiostudiow.com.br\/site\/wp-content\/uploads\/2025\/03\/BARAO-NOVO-NOTICIAS-1.jpg\" alt=\"\" class=\"wp-image-35084\" srcset=\"https:\/\/radiostudiow.com.br\/site\/wp-content\/uploads\/2025\/03\/BARAO-NOVO-NOTICIAS-1.jpg 897w, https:\/\/radiostudiow.com.br\/site\/wp-content\/uploads\/2025\/03\/BARAO-NOVO-NOTICIAS-1-300x68.jpg 300w, https:\/\/radiostudiow.com.br\/site\/wp-content\/uploads\/2025\/03\/BARAO-NOVO-NOTICIAS-1-768x175.jpg 768w\" sizes=\"auto, (max-width: 897px) 100vw, 897px\" \/><\/figure>\n\n\n\n<p><strong>Minist\u00e9rio P\u00fablico<\/strong><br>O Minist\u00e9rio P\u00fablico do Paran\u00e1, por meio da 1\u00aa Promotoria de Justi\u00e7a, pediu a pris\u00e3o preventiva do companheiro de Maria Caroline e pris\u00e3o domiciliar da servidora que est\u00e1 gr\u00e1vida, com uso de monitoramento eletr\u00f4nico. As investiga\u00e7\u00f5es seguem com o Inqu\u00e9rito Policial.<\/p>\n\n\n\n<p><em><strong>\u201cOs autos de pris\u00e3o em flagrante foram distribu\u00eddos ao plant\u00e3o, tendo o Minist\u00e9rio P\u00fablico se manifestado pela pris\u00e3o preventiva de um dos envolvidos e pela pris\u00e3o domiciliar da servidora, pelo fato de ela estar gr\u00e1vida. A magistrada plantonista entendeu por bem conceder a liberdade aos que foram presos em flagrante, e ao tomar ci\u00eancia da decis\u00e3o, considerando-se tratar de situa\u00e7\u00e3o de gravidade concreta elevada, na medida em que foram apreendidas 99 gramas de coca\u00edna em posse deles, al\u00e9m de informa\u00e7\u00e3o de posse anterior de 200 gramas do mesmo entorpecente, a 1\u00aa Promotoria de Justi\u00e7a de S\u00e3o Mateus do Sul interp\u00f4s Recurso em Sentido Estrito contra a decis\u00e3o que concedeu a liberdade e, ao mesmo tempo, promoveu medida cautelar para concess\u00e3o de efeito suspensivo ao recurso interposto, postulando pela pris\u00e3o preventiva de um dos envolvidos e pris\u00e3o domiciliar com monitoramento da secret\u00e1ria municipal envolvida, tendo o TJPR acolhido o pleito Ministerial e determinado a pris\u00e3o preventiva e domiciliar. Com a pris\u00e3o dos envolvidos, o Minist\u00e9rio P\u00fablico dar\u00e1 continuidade nos autos de Inqu\u00e9rito Policial, sem preju\u00edzo de outras investiga\u00e7\u00f5es.\u201d<\/strong><\/em><\/p>\n\n\n\n<p>O processo n\u00e3o est\u00e1 em segredo de justi\u00e7a at\u00e9 o momento.<\/p>\n\n\n\n<figure class=\"wp-block-image size-full\"><img loading=\"lazy\" decoding=\"async\" width=\"598\" height=\"204\" src=\"https:\/\/radiostudiow.com.br\/site\/wp-content\/uploads\/2025\/04\/BOROX.png\" alt=\"\" class=\"wp-image-37229\" srcset=\"https:\/\/radiostudiow.com.br\/site\/wp-content\/uploads\/2025\/04\/BOROX.png 598w, https:\/\/radiostudiow.com.br\/site\/wp-content\/uploads\/2025\/04\/BOROX-300x102.png 300w\" sizes=\"auto, (max-width: 598px) 100vw, 598px\" \/><\/figure>\n\n\n\n<p><strong>Contraponto<\/strong><br>Segundo a defesa de Maria Caroline, ela n\u00e3o tinha conhecimento das a\u00e7\u00f5es de terceiros que a envolvem, sendo totalmente alheia a essas situa\u00e7\u00f5es<em>. <strong>\u201cQualquer especula\u00e7\u00e3o ou julgamento precipitado pode causar danos irrepar\u00e1veis \u00e0 sua vida pessoal e \u00e0 de sua fam\u00edlia\u201d, destacaram.<\/strong> Leia a nota na \u00edntegra:<\/em><\/p>\n\n\n\n<p><em><strong>\u201cA defesa vem a p\u00fablico se pronunciar ante a not\u00edcia de envolvimento em inqu\u00e9rito policial, esclarecendo que sua cliente se encontra no terceiro trimestre de gesta\u00e7\u00e3o, uma condi\u00e7\u00e3o m\u00e9dica delicada que exige aten\u00e7\u00e3o especial, cuidados obst\u00e9tricos e acompanhamento psicol\u00f3gico cont\u00ednuo, conforme orienta\u00e7\u00e3o m\u00e9dica.<\/strong><\/em><\/p>\n\n\n\n<p><em><strong>\u00c9 importante destacar que ela n\u00e3o tinha conhecimento das a\u00e7\u00f5es de terceiros que a envolvem, sendo totalmente alheia a essas situa\u00e7\u00f5es. Qualquer especula\u00e7\u00e3o ou julgamento precipitado pode causar danos irrepar\u00e1veis \u00e0 sua vida pessoal e \u00e0 de sua fam\u00edlia.<\/strong><\/em><\/p>\n\n\n\n<p><em><strong>Mesmo sendo pessoa p\u00fablica, ela mant\u00e9m direito absoluto \u00e0 privacidade, \u00e0 dignidade e \u00e0 presun\u00e7\u00e3o de inoc\u00eancia, princ\u00edpios fundamentais que devem ser respeitados por todos.<\/strong><\/em><\/p>\n\n\n\n<p><em><strong>A defesa segue atuando para garantir que seus direitos sejam plenamente respeitados e confia que os fatos ser\u00e3o devidamente esclarecidos pela Justi\u00e7a.<\/strong><\/em><\/p>\n\n\n\n<p><em><strong>Agradecemos a compreens\u00e3o e pedimos respeito neste per\u00edodo delicado, refor\u00e7ando a import\u00e2ncia de proteger n\u00e3o apenas a sa\u00fade dela, mas tamb\u00e9m a de seu beb\u00ea.\u201d<\/strong><\/em><\/p>\n\n\n\n<figure class=\"wp-block-image size-full\"><img loading=\"lazy\" decoding=\"async\" width=\"598\" height=\"204\" src=\"https:\/\/radiostudiow.com.br\/site\/wp-content\/uploads\/2024\/01\/SITE-MEDIO.png\" alt=\"\" class=\"wp-image-18916\" srcset=\"https:\/\/radiostudiow.com.br\/site\/wp-content\/uploads\/2024\/01\/SITE-MEDIO.png 598w, https:\/\/radiostudiow.com.br\/site\/wp-content\/uploads\/2024\/01\/SITE-MEDIO-300x102.png 300w\" sizes=\"auto, (max-width: 598px) 100vw, 598px\" \/><\/figure>\n\n\n\n<p>A defesa do outro envolvido, companheiro de Maria Caroline, tamb\u00e9m se manifestou via nota do advogado.<\/p>\n\n\n\n<p><em><strong>\u201cAnte a not\u00edcia de pris\u00e3o do acusado, a qual sobreveio ap\u00f3s novo requerimento do Minist\u00e9rio P\u00fablico do Estado do Paran\u00e1 em sede recursal, o qual n\u00e3o aceitou a primeira decis\u00e3o que colocou o acusado em liberdade, ap\u00f3s ter sido concedida a liberdade provis\u00f3ria pelo Douto Ju\u00edzo, que proferiu entendimento de que o acusado inserido em liberdade provis\u00f3ria mediante monitoramento eletr\u00f4nico n\u00e3o geraria qualquer risco\/perigo ao tr\u00e2mite processual e\/ou \u00e0 sociedade, e considerando que o acusado j\u00e1 estava novamente trabalhando de forma l\u00edcita em seu emprego formal, com carteira assinada, a Defesa do acusado informa que os fatos ser\u00e3o esclarecidos durante a instru\u00e7\u00e3o processual, respeitando os Princ\u00edpios do Devido Processo Legal e Ampla Defesa, bem como, \u00e0 Presun\u00e7\u00e3o de Inoc\u00eancia.\u201d<\/strong><\/em><\/p>\n\n\n\n<h2 class=\"wp-block-heading\">Veja a nota da prefeitura na \u00edntegra:<\/h2>\n\n\n\n<div data-wp-interactive=\"core\/file\" class=\"wp-block-file\"><object data-wp-bind--hidden=\"!state.hasPdfPreview\" hidden class=\"wp-block-file__embed\" data=\"https:\/\/radiostudiow.com.br\/site\/wp-content\/uploads\/2025\/09\/NOTA-OFICIAL-DE-ESCLARECIMENTO.pdf\" type=\"application\/pdf\" style=\"width:100%;height:600px\" aria-label=\"Incorporado de NOTA-OFICIAL-DE-ESCLARECIMENTO.\"><\/object><a id=\"wp-block-file--media-8710b089-9266-4026-abea-24be6d6f6686\" href=\"https:\/\/radiostudiow.com.br\/site\/wp-content\/uploads\/2025\/09\/NOTA-OFICIAL-DE-ESCLARECIMENTO.pdf\">NOTA-OFICIAL-DE-ESCLARECIMENTO<\/a><a href=\"https:\/\/radiostudiow.com.br\/site\/wp-content\/uploads\/2025\/09\/NOTA-OFICIAL-DE-ESCLARECIMENTO.pdf\" class=\"wp-block-file__button wp-element-button\" download aria-describedby=\"wp-block-file--media-8710b089-9266-4026-abea-24be6d6f6686\">Baixar<\/a><\/div>\n\n\n\n<p class=\"has-text-align-center\"><em>Da reda\u00e7\u00e3o Portal V.Vale<\/em><\/p>\n\n\n\n<p><\/p>\n","protected":false},"excerpt":{"rendered":"<p>Da reda\u00e7\u00e3o Portal V.Vale A servidora p\u00fablica do munic\u00edpio de Ant\u00f4nio Olinto, Maria Caroline de Camargo, que ocupava o cargo de secret\u00e1ria de Administra\u00e7\u00e3o, foi presa no fim de semana em S\u00e3o Mateus do Sul, onde morava com o companheiro. Segundo as investiga\u00e7\u00f5es, o casal \u00e9 suspeito de envolvimento com o tr\u00e1fico de drogas. De [&hellip;]<\/p>\n","protected":false},"author":2,"featured_media":42917,"comment_status":"open","ping_status":"open","sticky":false,"template":"","format":"standard","meta":{"footnotes":""},"categories":[2],"tags":[172],"class_list":["post-42915","post","type-post","status-publish","format-standard","has-post-thumbnail","hentry","category-policial","tag-featured"],"amp_enabled":true,"_links":{"self":[{"href":"https:\/\/radiostudiow.com.br\/site\/wp-json\/wp\/v2\/posts\/42915","targetHints":{"allow":["GET"]}}],"collection":[{"href":"https:\/\/radiostudiow.com.br\/site\/wp-json\/wp\/v2\/posts"}],"about":[{"href":"https:\/\/radiostudiow.com.br\/site\/wp-json\/wp\/v2\/types\/post"}],"author":[{"embeddable":true,"href":"https:\/\/radiostudiow.com.br\/site\/wp-json\/wp\/v2\/users\/2"}],"replies":[{"embeddable":true,"href":"https:\/\/radiostudiow.com.br\/site\/wp-json\/wp\/v2\/comments?post=42915"}],"version-history":[{"count":2,"href":"https:\/\/radiostudiow.com.br\/site\/wp-json\/wp\/v2\/posts\/42915\/revisions"}],"predecessor-version":[{"id":42919,"href":"https:\/\/radiostudiow.com.br\/site\/wp-json\/wp\/v2\/posts\/42915\/revisions\/42919"}],"wp:featuredmedia":[{"embeddable":true,"href":"https:\/\/radiostudiow.com.br\/site\/wp-json\/wp\/v2\/media\/42917"}],"wp:attachment":[{"href":"https:\/\/radiostudiow.com.br\/site\/wp-json\/wp\/v2\/media?parent=42915"}],"wp:term":[{"taxonomy":"category","embeddable":true,"href":"https:\/\/radiostudiow.com.br\/site\/wp-json\/wp\/v2\/categories?post=42915"},{"taxonomy":"post_tag","embeddable":true,"href":"https:\/\/radiostudiow.com.br\/site\/wp-json\/wp\/v2\/tags?post=42915"}],"curies":[{"name":"wp","href":"https:\/\/api.w.org\/{rel}","templated":true}]}}