{"id":42954,"date":"2025-09-29T09:46:41","date_gmt":"2025-09-29T12:46:41","guid":{"rendered":"https:\/\/radiostudiow.com.br\/site\/?p=42954"},"modified":"2025-09-29T09:46:42","modified_gmt":"2025-09-29T12:46:42","slug":"homem-e-preso-por-posse-irregular-de-arma-de-fogo","status":"publish","type":"post","link":"https:\/\/radiostudiow.com.br\/site\/2025\/09\/29\/homem-e-preso-por-posse-irregular-de-arma-de-fogo\/","title":{"rendered":"Homem \u00e9 preso por posse irregular de arma de fogo"},"content":{"rendered":"\n<figure class=\"wp-block-image size-full\"><img loading=\"lazy\" decoding=\"async\" width=\"897\" height=\"204\" src=\"https:\/\/radiostudiow.com.br\/site\/wp-content\/uploads\/2025\/02\/SITE-GRANDE7.png\" alt=\"\" class=\"wp-image-33861\" srcset=\"https:\/\/radiostudiow.com.br\/site\/wp-content\/uploads\/2025\/02\/SITE-GRANDE7.png 897w, https:\/\/radiostudiow.com.br\/site\/wp-content\/uploads\/2025\/02\/SITE-GRANDE7-300x68.png 300w, https:\/\/radiostudiow.com.br\/site\/wp-content\/uploads\/2025\/02\/SITE-GRANDE7-768x175.png 768w\" sizes=\"auto, (max-width: 897px) 100vw, 897px\" \/><\/figure>\n\n\n\n<p>A equipe da Pol\u00edcia Militar prendeu um homem por posse irregular de arma de fogo em Porto Vit\u00f3ria na Rua Salgado Filho, durante uma festa no munic\u00edpio por volta das 18 horas na noite de domingo (28).<\/p>\n\n\n\n<p>De acordo com a PM, a equipe foi acionada ap\u00f3s uma den\u00fancia an\u00f4nima informar que um indiv\u00edduo estaria exibindo uma arma de fogo de forma ostensiva no local.\u00a0Com base nas caracter\u00edsticas repassadas, os policiais realizaram abordagem e localizaram o suspeito.<\/p>\n\n\n\n<p>Durante a revista, foi encontrado um rev\u00f3lver calibre 32, acompanhado de 10 muni\u00e7\u00f5es intactas. O homem recebeu voz de pris\u00e3o em flagrante e foi encaminhado \u00e0 4\u00aa Subdivis\u00e3o Policial para os procedimentos legais.<a href=\"mailto:?subject=Homem%20%C3%A9%20preso%20por%20posse%20irregular%20de%20arma%20de%20fogo&amp;body=https:\/\/www.vvale.com.br\/seguranca\/homem-e-preso-por-posse-irregular-de-arma-de-fogo\/\" target=\"_blank\" rel=\"noreferrer noopener\"><\/a><\/p>\n\n\n\n<figure class=\"wp-block-image size-full\"><img loading=\"lazy\" decoding=\"async\" width=\"598\" height=\"204\" src=\"https:\/\/radiostudiow.com.br\/site\/wp-content\/uploads\/2024\/01\/SITE-MEDIO.png\" alt=\"\" class=\"wp-image-18916\" srcset=\"https:\/\/radiostudiow.com.br\/site\/wp-content\/uploads\/2024\/01\/SITE-MEDIO.png 598w, https:\/\/radiostudiow.com.br\/site\/wp-content\/uploads\/2024\/01\/SITE-MEDIO-300x102.png 300w\" sizes=\"auto, (max-width: 598px) 100vw, 598px\" \/><\/figure>\n","protected":false},"excerpt":{"rendered":"<p>A equipe da Pol\u00edcia Militar prendeu um homem por posse irregular de arma de fogo em Porto Vit\u00f3ria na Rua Salgado Filho, durante uma festa no munic\u00edpio por volta das 18 horas na noite de domingo (28). De acordo com a PM, a equipe foi acionada ap\u00f3s uma den\u00fancia an\u00f4nima informar que um indiv\u00edduo estaria [&hellip;]<\/p>\n","protected":false},"author":2,"featured_media":42955,"comment_status":"open","ping_status":"open","sticky":false,"template":"","format":"standard","meta":{"footnotes":""},"categories":[2],"tags":[172],"class_list":["post-42954","post","type-post","status-publish","format-standard","has-post-thumbnail","hentry","category-policial","tag-featured"],"amp_enabled":true,"_links":{"self":[{"href":"https:\/\/radiostudiow.com.br\/site\/wp-json\/wp\/v2\/posts\/42954","targetHints":{"allow":["GET"]}}],"collection":[{"href":"https:\/\/radiostudiow.com.br\/site\/wp-json\/wp\/v2\/posts"}],"about":[{"href":"https:\/\/radiostudiow.com.br\/site\/wp-json\/wp\/v2\/types\/post"}],"author":[{"embeddable":true,"href":"https:\/\/radiostudiow.com.br\/site\/wp-json\/wp\/v2\/users\/2"}],"replies":[{"embeddable":true,"href":"https:\/\/radiostudiow.com.br\/site\/wp-json\/wp\/v2\/comments?post=42954"}],"version-history":[{"count":1,"href":"https:\/\/radiostudiow.com.br\/site\/wp-json\/wp\/v2\/posts\/42954\/revisions"}],"predecessor-version":[{"id":42956,"href":"https:\/\/radiostudiow.com.br\/site\/wp-json\/wp\/v2\/posts\/42954\/revisions\/42956"}],"wp:featuredmedia":[{"embeddable":true,"href":"https:\/\/radiostudiow.com.br\/site\/wp-json\/wp\/v2\/media\/42955"}],"wp:attachment":[{"href":"https:\/\/radiostudiow.com.br\/site\/wp-json\/wp\/v2\/media?parent=42954"}],"wp:term":[{"taxonomy":"category","embeddable":true,"href":"https:\/\/radiostudiow.com.br\/site\/wp-json\/wp\/v2\/categories?post=42954"},{"taxonomy":"post_tag","embeddable":true,"href":"https:\/\/radiostudiow.com.br\/site\/wp-json\/wp\/v2\/tags?post=42954"}],"curies":[{"name":"wp","href":"https:\/\/api.w.org\/{rel}","templated":true}]}}