{"id":42957,"date":"2025-09-29T10:16:15","date_gmt":"2025-09-29T13:16:15","guid":{"rendered":"https:\/\/radiostudiow.com.br\/site\/?p=42957"},"modified":"2025-09-29T10:16:16","modified_gmt":"2025-09-29T13:16:16","slug":"homem-e-preso-por-posse-irregular-de-arma-de-fogo-durante-ocorrencia-de-violencia-domestica","status":"publish","type":"post","link":"https:\/\/radiostudiow.com.br\/site\/2025\/09\/29\/homem-e-preso-por-posse-irregular-de-arma-de-fogo-durante-ocorrencia-de-violencia-domestica\/","title":{"rendered":"Homem \u00e9 preso por posse irregular de arma de fogo durante ocorr\u00eancia de viol\u00eancia dom\u00e9stica"},"content":{"rendered":"\n<figure class=\"wp-block-image size-full\"><img loading=\"lazy\" decoding=\"async\" width=\"897\" height=\"204\" src=\"https:\/\/radiostudiow.com.br\/site\/wp-content\/uploads\/2025\/05\/NUTRI-MALLET.png\" alt=\"\" class=\"wp-image-37813\" srcset=\"https:\/\/radiostudiow.com.br\/site\/wp-content\/uploads\/2025\/05\/NUTRI-MALLET.png 897w, https:\/\/radiostudiow.com.br\/site\/wp-content\/uploads\/2025\/05\/NUTRI-MALLET-300x68.png 300w, https:\/\/radiostudiow.com.br\/site\/wp-content\/uploads\/2025\/05\/NUTRI-MALLET-768x175.png 768w\" sizes=\"auto, (max-width: 897px) 100vw, 897px\" \/><\/figure>\n\n\n\n<p>A equipe da Pol\u00edcia Militar prendeu um homem por posse irregular de arma de fogo durante uma ocorr\u00eancia de viol\u00eancia dom\u00e9stica na localidade de Col\u00f4nia Trabuco, em Porto Vit\u00f3ria por volta das 23 horas da noite de domingo (28).<\/p>\n\n\n\n<p>A equipe policial foi acionada ap\u00f3s den\u00fancia da companheira do suspeito, que relatou estar sendo amea\u00e7ada com uma arma de fogo. No local, a v\u00edtima confirmou as amea\u00e7as e informou sobre a exist\u00eancia de armas na resid\u00eancia.<\/p>\n\n\n\n<figure class=\"wp-block-image size-full\"><img loading=\"lazy\" decoding=\"async\" width=\"598\" height=\"204\" src=\"https:\/\/radiostudiow.com.br\/site\/wp-content\/uploads\/2025\/05\/BEAZY.jpg.png\" alt=\"\" class=\"wp-image-38197\" srcset=\"https:\/\/radiostudiow.com.br\/site\/wp-content\/uploads\/2025\/05\/BEAZY.jpg.png 598w, https:\/\/radiostudiow.com.br\/site\/wp-content\/uploads\/2025\/05\/BEAZY.jpg-300x102.png 300w\" sizes=\"auto, (max-width: 598px) 100vw, 598px\" \/><\/figure>\n\n\n\n<p>Com o consentimento da solicitante, os policiais realizaram buscas e encontraram duas espingardas, calibres 36 e 22, al\u00e9m de diversas muni\u00e7\u00f5es. Diante da situa\u00e7\u00e3o de flagrante, o homem recebeu voz de pris\u00e3o, sendo algemado devido ao risco de fuga.<\/p>\n\n\n\n<p>O suspeito e a v\u00edtima foram encaminhados \u00e0 Central de Flagrantes para os procedimentos legais cab\u00edveis.<\/p>\n\n\n\n<p><a target=\"_blank\" href=\"mailto:?subject=PM%20prende%20homem%20por%20posse%20irregular%20de%20arma%20em%20caso%20de%20viol%C3%AAncia%20dom%C3%A9stica&amp;body=https:\/\/www.vvale.com.br\/seguranca\/pm-prende-homem-por-posse-irregular-de-arma-em-caso-de-violencia-domestica\/\" rel=\"noreferrer noopener\"><\/a><\/p>\n\n\n\n<p><\/p>\n","protected":false},"excerpt":{"rendered":"<p>A equipe da Pol\u00edcia Militar prendeu um homem por posse irregular de arma de fogo durante uma ocorr\u00eancia de viol\u00eancia dom\u00e9stica na localidade de Col\u00f4nia Trabuco, em Porto Vit\u00f3ria por volta das 23 horas da noite de domingo (28). A equipe policial foi acionada ap\u00f3s den\u00fancia da companheira do suspeito, que relatou estar sendo amea\u00e7ada [&hellip;]<\/p>\n","protected":false},"author":2,"featured_media":42958,"comment_status":"open","ping_status":"open","sticky":false,"template":"","format":"standard","meta":{"footnotes":""},"categories":[2],"tags":[172],"class_list":["post-42957","post","type-post","status-publish","format-standard","has-post-thumbnail","hentry","category-policial","tag-featured"],"amp_enabled":true,"_links":{"self":[{"href":"https:\/\/radiostudiow.com.br\/site\/wp-json\/wp\/v2\/posts\/42957","targetHints":{"allow":["GET"]}}],"collection":[{"href":"https:\/\/radiostudiow.com.br\/site\/wp-json\/wp\/v2\/posts"}],"about":[{"href":"https:\/\/radiostudiow.com.br\/site\/wp-json\/wp\/v2\/types\/post"}],"author":[{"embeddable":true,"href":"https:\/\/radiostudiow.com.br\/site\/wp-json\/wp\/v2\/users\/2"}],"replies":[{"embeddable":true,"href":"https:\/\/radiostudiow.com.br\/site\/wp-json\/wp\/v2\/comments?post=42957"}],"version-history":[{"count":1,"href":"https:\/\/radiostudiow.com.br\/site\/wp-json\/wp\/v2\/posts\/42957\/revisions"}],"predecessor-version":[{"id":42959,"href":"https:\/\/radiostudiow.com.br\/site\/wp-json\/wp\/v2\/posts\/42957\/revisions\/42959"}],"wp:featuredmedia":[{"embeddable":true,"href":"https:\/\/radiostudiow.com.br\/site\/wp-json\/wp\/v2\/media\/42958"}],"wp:attachment":[{"href":"https:\/\/radiostudiow.com.br\/site\/wp-json\/wp\/v2\/media?parent=42957"}],"wp:term":[{"taxonomy":"category","embeddable":true,"href":"https:\/\/radiostudiow.com.br\/site\/wp-json\/wp\/v2\/categories?post=42957"},{"taxonomy":"post_tag","embeddable":true,"href":"https:\/\/radiostudiow.com.br\/site\/wp-json\/wp\/v2\/tags?post=42957"}],"curies":[{"name":"wp","href":"https:\/\/api.w.org\/{rel}","templated":true}]}}