{"id":42969,"date":"2025-09-29T11:25:32","date_gmt":"2025-09-29T14:25:32","guid":{"rendered":"https:\/\/radiostudiow.com.br\/site\/?p=42969"},"modified":"2025-09-29T11:29:09","modified_gmt":"2025-09-29T14:29:09","slug":"homem-e-preso-por-efetuar-disparos-de-arma-de-fogo-em-sao-mateus-do-sul","status":"publish","type":"post","link":"https:\/\/radiostudiow.com.br\/site\/2025\/09\/29\/homem-e-preso-por-efetuar-disparos-de-arma-de-fogo-em-sao-mateus-do-sul\/","title":{"rendered":"Homem \u00e9 preso por efetuar disparos de arma de fogo em S\u00e3o Mateus do Sul"},"content":{"rendered":"\n<figure class=\"wp-block-image size-full\"><img loading=\"lazy\" decoding=\"async\" width=\"897\" height=\"204\" src=\"https:\/\/radiostudiow.com.br\/site\/wp-content\/uploads\/2025\/01\/SITE-GRANDE3.png\" alt=\"\" class=\"wp-image-32900\" srcset=\"https:\/\/radiostudiow.com.br\/site\/wp-content\/uploads\/2025\/01\/SITE-GRANDE3.png 897w, https:\/\/radiostudiow.com.br\/site\/wp-content\/uploads\/2025\/01\/SITE-GRANDE3-300x68.png 300w, https:\/\/radiostudiow.com.br\/site\/wp-content\/uploads\/2025\/01\/SITE-GRANDE3-768x175.png 768w\" sizes=\"auto, (max-width: 897px) 100vw, 897px\" \/><\/figure>\n\n\n\n<p>Durante patrulhamento ostensivo, a Pol\u00edcia Militar de S\u00e3o Mateus do Sul recebeu informa\u00e7\u00f5es sobre disparos de arma de fogo realizados em via p\u00fablica no bairro Vila Verde por volta das 15 horas desse s\u00e1bado (27).<\/p>\n\n\n\n<p>As equipes se deslocaram at\u00e9 o local, onde localizaram o suspeito ainda de posse da arma utilizada.<\/p>\n\n\n\n<p>Diante da situa\u00e7\u00e3o, foi dada voz de pris\u00e3o, sendo o indiv\u00edduo conduzido para atendimento m\u00e9dico preliminar e, posteriormente, encaminhado \u00e0 Delegacia de Pol\u00edcia Civil para as provid\u00eancias cab\u00edveis.<\/p>\n\n\n\n<figure class=\"wp-block-image size-full\"><img loading=\"lazy\" decoding=\"async\" width=\"598\" height=\"204\" src=\"https:\/\/radiostudiow.com.br\/site\/wp-content\/uploads\/2025\/05\/POLAK.png\" alt=\"\" class=\"wp-image-37847\" srcset=\"https:\/\/radiostudiow.com.br\/site\/wp-content\/uploads\/2025\/05\/POLAK.png 598w, https:\/\/radiostudiow.com.br\/site\/wp-content\/uploads\/2025\/05\/POLAK-300x102.png 300w\" sizes=\"auto, (max-width: 598px) 100vw, 598px\" \/><\/figure>\n","protected":false},"excerpt":{"rendered":"<p>Durante patrulhamento ostensivo, a Pol\u00edcia Militar de S\u00e3o Mateus do Sul recebeu informa\u00e7\u00f5es sobre disparos de arma de fogo realizados em via p\u00fablica no bairro Vila Verde por volta das 15 horas desse s\u00e1bado (27). As equipes se deslocaram at\u00e9 o local, onde localizaram o suspeito ainda de posse da arma utilizada. Diante da situa\u00e7\u00e3o, [&hellip;]<\/p>\n","protected":false},"author":2,"featured_media":42970,"comment_status":"open","ping_status":"open","sticky":false,"template":"","format":"standard","meta":{"footnotes":""},"categories":[2],"tags":[172],"class_list":["post-42969","post","type-post","status-publish","format-standard","has-post-thumbnail","hentry","category-policial","tag-featured"],"amp_enabled":true,"_links":{"self":[{"href":"https:\/\/radiostudiow.com.br\/site\/wp-json\/wp\/v2\/posts\/42969","targetHints":{"allow":["GET"]}}],"collection":[{"href":"https:\/\/radiostudiow.com.br\/site\/wp-json\/wp\/v2\/posts"}],"about":[{"href":"https:\/\/radiostudiow.com.br\/site\/wp-json\/wp\/v2\/types\/post"}],"author":[{"embeddable":true,"href":"https:\/\/radiostudiow.com.br\/site\/wp-json\/wp\/v2\/users\/2"}],"replies":[{"embeddable":true,"href":"https:\/\/radiostudiow.com.br\/site\/wp-json\/wp\/v2\/comments?post=42969"}],"version-history":[{"count":2,"href":"https:\/\/radiostudiow.com.br\/site\/wp-json\/wp\/v2\/posts\/42969\/revisions"}],"predecessor-version":[{"id":42973,"href":"https:\/\/radiostudiow.com.br\/site\/wp-json\/wp\/v2\/posts\/42969\/revisions\/42973"}],"wp:featuredmedia":[{"embeddable":true,"href":"https:\/\/radiostudiow.com.br\/site\/wp-json\/wp\/v2\/media\/42970"}],"wp:attachment":[{"href":"https:\/\/radiostudiow.com.br\/site\/wp-json\/wp\/v2\/media?parent=42969"}],"wp:term":[{"taxonomy":"category","embeddable":true,"href":"https:\/\/radiostudiow.com.br\/site\/wp-json\/wp\/v2\/categories?post=42969"},{"taxonomy":"post_tag","embeddable":true,"href":"https:\/\/radiostudiow.com.br\/site\/wp-json\/wp\/v2\/tags?post=42969"}],"curies":[{"name":"wp","href":"https:\/\/api.w.org\/{rel}","templated":true}]}}