{"id":42975,"date":"2025-09-29T11:38:31","date_gmt":"2025-09-29T14:38:31","guid":{"rendered":"https:\/\/radiostudiow.com.br\/site\/?p=42975"},"modified":"2025-09-29T11:38:31","modified_gmt":"2025-09-29T14:38:31","slug":"criancas-encontram-corpo-de-mulher-sem-vida-em-rio-de-irati","status":"publish","type":"post","link":"https:\/\/radiostudiow.com.br\/site\/2025\/09\/29\/criancas-encontram-corpo-de-mulher-sem-vida-em-rio-de-irati\/","title":{"rendered":"Crian\u00e7as encontram corpo de mulher sem vida em rio de Irati"},"content":{"rendered":"\n<figure class=\"wp-block-image size-full\"><img loading=\"lazy\" decoding=\"async\" width=\"897\" height=\"204\" src=\"https:\/\/radiostudiow.com.br\/site\/wp-content\/uploads\/2024\/01\/SITE-GRANDE3.png\" alt=\"zaions\" class=\"wp-image-18936\" srcset=\"https:\/\/radiostudiow.com.br\/site\/wp-content\/uploads\/2024\/01\/SITE-GRANDE3.png 897w, https:\/\/radiostudiow.com.br\/site\/wp-content\/uploads\/2024\/01\/SITE-GRANDE3-300x68.png 300w, https:\/\/radiostudiow.com.br\/site\/wp-content\/uploads\/2024\/01\/SITE-GRANDE3-768x175.png 768w\" sizes=\"auto, (max-width: 897px) 100vw, 897px\" \/><\/figure>\n\n\n\n<p>Uma mulher foi encontrada morta no interior de um rio, no munic\u00edpio de Irati, durante a tarde desse s\u00e1bado (27). O corpo da v\u00edtima foi localizado por um grupo de crian\u00e7as.\u00a0<\/p>\n\n\n\n<p>Conforme a Pol\u00edcia Militar (PM), a equipe se deslocou, por volta das 13h56, at\u00e9 o bairro Vila S\u00e3o Jo\u00e3o, onde crian\u00e7as encontraram o corpo de uma mulher em \u00f3bito, no interior de um rio. Na sequ\u00eancia, o local foi isolado e a v\u00edtima foi identificada por familiares.<\/p>\n\n\n\n<figure class=\"wp-block-image size-full\"><img loading=\"lazy\" decoding=\"async\" width=\"300\" height=\"180\" src=\"https:\/\/radiostudiow.com.br\/site\/wp-content\/uploads\/2025\/04\/AGRODU.png\" alt=\"\" class=\"wp-image-37219\"\/><\/figure>\n\n\n\n<p>Segundo relatos, a mulher estava na casa de parentes e havia sa\u00eddo por volta das 10h30 da manh\u00e3 desse s\u00e1bado. Ela era depressiva, usava medicamentos e estava em acompanhamento m\u00e9dico.<\/p>\n\n\n\n<p>O Corpo de Bombeiros foi acionado ao local, assim como a Pol\u00edcia Civil. Por volta das 16h50, o perito e o agente de remo\u00e7\u00e3o compareceram ao local e encaminharam o corpo ao Instituto M\u00e9dico Legal.<\/p>\n\n\n\n<p><\/p>\n","protected":false},"excerpt":{"rendered":"<p>Uma mulher foi encontrada morta no interior de um rio, no munic\u00edpio de Irati, durante a tarde desse s\u00e1bado (27). O corpo da v\u00edtima foi localizado por um grupo de crian\u00e7as.\u00a0 Conforme a Pol\u00edcia Militar (PM), a equipe se deslocou, por volta das 13h56, at\u00e9 o bairro Vila S\u00e3o Jo\u00e3o, onde crian\u00e7as encontraram o corpo [&hellip;]<\/p>\n","protected":false},"author":2,"featured_media":40401,"comment_status":"open","ping_status":"open","sticky":false,"template":"","format":"standard","meta":{"footnotes":""},"categories":[2],"tags":[172],"class_list":["post-42975","post","type-post","status-publish","format-standard","has-post-thumbnail","hentry","category-policial","tag-featured"],"amp_enabled":true,"_links":{"self":[{"href":"https:\/\/radiostudiow.com.br\/site\/wp-json\/wp\/v2\/posts\/42975","targetHints":{"allow":["GET"]}}],"collection":[{"href":"https:\/\/radiostudiow.com.br\/site\/wp-json\/wp\/v2\/posts"}],"about":[{"href":"https:\/\/radiostudiow.com.br\/site\/wp-json\/wp\/v2\/types\/post"}],"author":[{"embeddable":true,"href":"https:\/\/radiostudiow.com.br\/site\/wp-json\/wp\/v2\/users\/2"}],"replies":[{"embeddable":true,"href":"https:\/\/radiostudiow.com.br\/site\/wp-json\/wp\/v2\/comments?post=42975"}],"version-history":[{"count":1,"href":"https:\/\/radiostudiow.com.br\/site\/wp-json\/wp\/v2\/posts\/42975\/revisions"}],"predecessor-version":[{"id":42976,"href":"https:\/\/radiostudiow.com.br\/site\/wp-json\/wp\/v2\/posts\/42975\/revisions\/42976"}],"wp:featuredmedia":[{"embeddable":true,"href":"https:\/\/radiostudiow.com.br\/site\/wp-json\/wp\/v2\/media\/40401"}],"wp:attachment":[{"href":"https:\/\/radiostudiow.com.br\/site\/wp-json\/wp\/v2\/media?parent=42975"}],"wp:term":[{"taxonomy":"category","embeddable":true,"href":"https:\/\/radiostudiow.com.br\/site\/wp-json\/wp\/v2\/categories?post=42975"},{"taxonomy":"post_tag","embeddable":true,"href":"https:\/\/radiostudiow.com.br\/site\/wp-json\/wp\/v2\/tags?post=42975"}],"curies":[{"name":"wp","href":"https:\/\/api.w.org\/{rel}","templated":true}]}}