{"id":42979,"date":"2025-09-29T11:46:47","date_gmt":"2025-09-29T14:46:47","guid":{"rendered":"https:\/\/radiostudiow.com.br\/site\/?p=42979"},"modified":"2025-09-29T11:51:33","modified_gmt":"2025-09-29T14:51:33","slug":"homem-e-esfaqueado-em-tentativa-de-homicidio-e-suspeito-e-preso-em-rio-azul","status":"publish","type":"post","link":"https:\/\/radiostudiow.com.br\/site\/2025\/09\/29\/homem-e-esfaqueado-em-tentativa-de-homicidio-e-suspeito-e-preso-em-rio-azul\/","title":{"rendered":"Homem \u00e9 esfaqueado em tentativa de homic\u00eddio e suspeito \u00e9 preso em Rio Azul"},"content":{"rendered":"\n<figure class=\"wp-block-image size-full\"><img loading=\"lazy\" decoding=\"async\" width=\"897\" height=\"204\" src=\"https:\/\/radiostudiow.com.br\/site\/wp-content\/uploads\/2025\/05\/NUTRI-MALLET.png\" alt=\"\" class=\"wp-image-37813\" srcset=\"https:\/\/radiostudiow.com.br\/site\/wp-content\/uploads\/2025\/05\/NUTRI-MALLET.png 897w, https:\/\/radiostudiow.com.br\/site\/wp-content\/uploads\/2025\/05\/NUTRI-MALLET-300x68.png 300w, https:\/\/radiostudiow.com.br\/site\/wp-content\/uploads\/2025\/05\/NUTRI-MALLET-768x175.png 768w\" sizes=\"auto, (max-width: 897px) 100vw, 897px\" \/><\/figure>\n\n\n\n<p class=\"has-text-align-center\"><em>Informa\u00e7\u00f5es R\u00e1dio Alvorada \/ Colabora\u00e7\u00e3o Kiko de Oliveira<\/em><\/p>\n\n\n\n<p>A equipe da Pol\u00edcia Militar de Rio Azul atendeu uma ocorr\u00eancia grave de tentativa de homic\u00eddio em uma resid\u00eancia neste domingo (28).<\/p>\n\n\n\n<p>Um homem foi brutalmente atacado com diversos golpes de faca, sofrendo ferimentos significativos no pesco\u00e7o, cabe\u00e7a e m\u00e3os. A v\u00edtima recebeu atendimento m\u00e9dico imediato e foi internada sob observa\u00e7\u00e3o hospitalar, devido \u00e0 gravidade das les\u00f5es.<\/p>\n\n\n\n<figure class=\"wp-block-image size-full\"><img loading=\"lazy\" decoding=\"async\" width=\"897\" height=\"204\" src=\"https:\/\/radiostudiow.com.br\/site\/wp-content\/uploads\/2024\/01\/SITE-GRANDE3.png\" alt=\"zaions\" class=\"wp-image-18936\" srcset=\"https:\/\/radiostudiow.com.br\/site\/wp-content\/uploads\/2024\/01\/SITE-GRANDE3.png 897w, https:\/\/radiostudiow.com.br\/site\/wp-content\/uploads\/2024\/01\/SITE-GRANDE3-300x68.png 300w, https:\/\/radiostudiow.com.br\/site\/wp-content\/uploads\/2024\/01\/SITE-GRANDE3-768x175.png 768w\" sizes=\"auto, (max-width: 897px) 100vw, 897px\" \/><\/figure>\n\n\n\n<p>Ap\u00f3s o crime, o autor tentou fugir do local, mas foi localizado pela Pol\u00edcia Militar ap\u00f3s um acompanhamento a p\u00e9. O suspeito foi preso e conduzido \u00e0 delegacia para os procedimentos legais. Durante o deslocamento, foi registrada a danifica\u00e7\u00e3o das algemas utilizadas na deten\u00e7\u00e3o.<\/p>\n\n\n\n<p>As autoridades seguem investigando as circunst\u00e2ncias do crime. A identidade dos envolvidos n\u00e3o foi divulgada.<\/p>\n","protected":false},"excerpt":{"rendered":"<p>Informa\u00e7\u00f5es R\u00e1dio Alvorada \/ Colabora\u00e7\u00e3o Kiko de Oliveira A equipe da Pol\u00edcia Militar de Rio Azul atendeu uma ocorr\u00eancia grave de tentativa de homic\u00eddio em uma resid\u00eancia neste domingo (28). Um homem foi brutalmente atacado com diversos golpes de faca, sofrendo ferimentos significativos no pesco\u00e7o, cabe\u00e7a e m\u00e3os. A v\u00edtima recebeu atendimento m\u00e9dico imediato e [&hellip;]<\/p>\n","protected":false},"author":2,"featured_media":1572,"comment_status":"open","ping_status":"open","sticky":false,"template":"","format":"standard","meta":{"footnotes":""},"categories":[2],"tags":[172],"class_list":["post-42979","post","type-post","status-publish","format-standard","has-post-thumbnail","hentry","category-policial","tag-featured"],"amp_enabled":true,"_links":{"self":[{"href":"https:\/\/radiostudiow.com.br\/site\/wp-json\/wp\/v2\/posts\/42979","targetHints":{"allow":["GET"]}}],"collection":[{"href":"https:\/\/radiostudiow.com.br\/site\/wp-json\/wp\/v2\/posts"}],"about":[{"href":"https:\/\/radiostudiow.com.br\/site\/wp-json\/wp\/v2\/types\/post"}],"author":[{"embeddable":true,"href":"https:\/\/radiostudiow.com.br\/site\/wp-json\/wp\/v2\/users\/2"}],"replies":[{"embeddable":true,"href":"https:\/\/radiostudiow.com.br\/site\/wp-json\/wp\/v2\/comments?post=42979"}],"version-history":[{"count":2,"href":"https:\/\/radiostudiow.com.br\/site\/wp-json\/wp\/v2\/posts\/42979\/revisions"}],"predecessor-version":[{"id":42985,"href":"https:\/\/radiostudiow.com.br\/site\/wp-json\/wp\/v2\/posts\/42979\/revisions\/42985"}],"wp:featuredmedia":[{"embeddable":true,"href":"https:\/\/radiostudiow.com.br\/site\/wp-json\/wp\/v2\/media\/1572"}],"wp:attachment":[{"href":"https:\/\/radiostudiow.com.br\/site\/wp-json\/wp\/v2\/media?parent=42979"}],"wp:term":[{"taxonomy":"category","embeddable":true,"href":"https:\/\/radiostudiow.com.br\/site\/wp-json\/wp\/v2\/categories?post=42979"},{"taxonomy":"post_tag","embeddable":true,"href":"https:\/\/radiostudiow.com.br\/site\/wp-json\/wp\/v2\/tags?post=42979"}],"curies":[{"name":"wp","href":"https:\/\/api.w.org\/{rel}","templated":true}]}}