{"id":4298,"date":"2021-11-03T13:37:09","date_gmt":"2021-11-03T16:37:09","guid":{"rendered":"https:\/\/radiostudiow.com.br\/site\/?p=4298"},"modified":"2025-01-31T15:12:23","modified_gmt":"2025-01-31T18:12:23","slug":"idoso-fica-ferido-apos-atropelamento-em-sao-mateus-do-sul","status":"publish","type":"post","link":"https:\/\/radiostudiow.com.br\/site\/2021\/11\/03\/idoso-fica-ferido-apos-atropelamento-em-sao-mateus-do-sul\/","title":{"rendered":"Idoso fica ferido ap\u00f3s atropelamento em S\u00e3o Mateus do Sul"},"content":{"rendered":"\n<p>O Corpo de Bombeiros de S\u00e3o Mateus do Sul foi acionado na manh\u00e3 desta quarta-feira, 03 de novembro, para uma situa\u00e7\u00e3o de atropelamento na Rua Ulisses Faria.<\/p>\n\n\n\n<p>No local um idoso de 63 anos apresentava ferimentos na regi\u00e3o da face ap\u00f3s ser atropelado por um ve\u00edculo P\u00e1lio. A condutora do ve\u00edculo permaneceu no local e o idoso foi levado consciente ao Pronto Atendimento Municipal.<\/p>\n\n\n\n<p>Pol\u00edcia Militar tamb\u00e9m foi acionada para a ocorr\u00eancia. Um bombeiro que estava de folga e passava pelo local tamb\u00e9m prestou atendimento a ocorr\u00eancia.<\/p>\n\n\n\n<figure class=\"wp-block-image size-full\"><img decoding=\"async\" src=\"https:\/\/radiostudiow.com.br\/site\/wp-content\/uploads\/2021\/09\/SICREDI.jpg\" alt=\"\" class=\"wp-image-3492\"\/><\/figure>\n\n\n\n<p>Foto:&nbsp;<a href=\"https:\/\/portalrdx.com.br\/\">Portal RDX<\/a><\/p>\n","protected":false},"excerpt":{"rendered":"<p>O Corpo de Bombeiros de S\u00e3o Mateus do Sul foi acionado na manh\u00e3 desta quarta-feira, 03 de novembro, para uma situa\u00e7\u00e3o de atropelamento na Rua Ulisses Faria. No local um idoso de 63 anos apresentava ferimentos na regi\u00e3o da face ap\u00f3s ser atropelado por um ve\u00edculo P\u00e1lio. A condutora do ve\u00edculo permaneceu no local e [&hellip;]<\/p>\n","protected":false},"author":2,"featured_media":0,"comment_status":"open","ping_status":"open","sticky":false,"template":"","format":"standard","meta":{"footnotes":""},"categories":[2],"tags":[172],"class_list":["post-4298","post","type-post","status-publish","format-standard","hentry","category-policial","tag-featured"],"amp_enabled":true,"_links":{"self":[{"href":"https:\/\/radiostudiow.com.br\/site\/wp-json\/wp\/v2\/posts\/4298","targetHints":{"allow":["GET"]}}],"collection":[{"href":"https:\/\/radiostudiow.com.br\/site\/wp-json\/wp\/v2\/posts"}],"about":[{"href":"https:\/\/radiostudiow.com.br\/site\/wp-json\/wp\/v2\/types\/post"}],"author":[{"embeddable":true,"href":"https:\/\/radiostudiow.com.br\/site\/wp-json\/wp\/v2\/users\/2"}],"replies":[{"embeddable":true,"href":"https:\/\/radiostudiow.com.br\/site\/wp-json\/wp\/v2\/comments?post=4298"}],"version-history":[{"count":2,"href":"https:\/\/radiostudiow.com.br\/site\/wp-json\/wp\/v2\/posts\/4298\/revisions"}],"predecessor-version":[{"id":4302,"href":"https:\/\/radiostudiow.com.br\/site\/wp-json\/wp\/v2\/posts\/4298\/revisions\/4302"}],"wp:attachment":[{"href":"https:\/\/radiostudiow.com.br\/site\/wp-json\/wp\/v2\/media?parent=4298"}],"wp:term":[{"taxonomy":"category","embeddable":true,"href":"https:\/\/radiostudiow.com.br\/site\/wp-json\/wp\/v2\/categories?post=4298"},{"taxonomy":"post_tag","embeddable":true,"href":"https:\/\/radiostudiow.com.br\/site\/wp-json\/wp\/v2\/tags?post=4298"}],"curies":[{"name":"wp","href":"https:\/\/api.w.org\/{rel}","templated":true}]}}