{"id":42992,"date":"2025-09-29T11:57:17","date_gmt":"2025-09-29T14:57:17","guid":{"rendered":"https:\/\/radiostudiow.com.br\/site\/?p=42992"},"modified":"2025-09-29T11:57:28","modified_gmt":"2025-09-29T14:57:28","slug":"prf-apreende-arma-de-fogo-durante-fiscalizacao-na-br-153-em-reboucas","status":"publish","type":"post","link":"https:\/\/radiostudiow.com.br\/site\/2025\/09\/29\/prf-apreende-arma-de-fogo-durante-fiscalizacao-na-br-153-em-reboucas\/","title":{"rendered":"PRF apreende arma de fogo durante fiscaliza\u00e7\u00e3o na BR-153 em Rebou\u00e7as"},"content":{"rendered":"\n<figure class=\"wp-block-image size-full\"><img loading=\"lazy\" decoding=\"async\" width=\"897\" height=\"204\" src=\"https:\/\/radiostudiow.com.br\/site\/wp-content\/uploads\/2025\/02\/SITE-GRANDE7.png\" alt=\"\" class=\"wp-image-33861\" srcset=\"https:\/\/radiostudiow.com.br\/site\/wp-content\/uploads\/2025\/02\/SITE-GRANDE7.png 897w, https:\/\/radiostudiow.com.br\/site\/wp-content\/uploads\/2025\/02\/SITE-GRANDE7-300x68.png 300w, https:\/\/radiostudiow.com.br\/site\/wp-content\/uploads\/2025\/02\/SITE-GRANDE7-768x175.png 768w\" sizes=\"auto, (max-width: 897px) 100vw, 897px\" \/><\/figure>\n\n\n\n<p class=\"has-text-align-center\"><em>Informa\u00e7\u00f5es R\u00e1dio Alvorada \/ Colabora\u00e7\u00e3o Kiko de Oliveira<\/em><\/p>\n\n\n\n<p>A equipe da Pol\u00edcia Rodovi\u00e1ria Federal apreendeu um rev\u00f3lver calibre .32 e seis muni\u00e7\u00f5es durante fiscaliza\u00e7\u00e3o de tr\u00e2nsito no munic\u00edpio de Rebou\u00e7as por volta das 16 horas na tarde deste domingo (28).<\/p>\n\n\n\n<p>Os policiais deram ordem de parada para o condutor de um caminh\u00e3o boiadeiro, conduzido por um homem de 51 anos, que estava acompanhado de dois passageiros.<\/p>\n\n\n\n<p>Durante a verifica\u00e7\u00e3o dos equipamentos obrigat\u00f3rios, os policiais solicitaram o extintor de inc\u00eandio e perceberam que o motorista tentou esconder um objeto embaixo do banco.<\/p>\n\n\n\n<figure class=\"wp-block-gallery has-nested-images columns-default is-cropped wp-block-gallery-1 is-layout-flex wp-block-gallery-is-layout-flex\">\n<figure class=\"wp-block-image size-large\"><img loading=\"lazy\" decoding=\"async\" width=\"300\" height=\"180\" data-id=\"32894\" src=\"https:\/\/radiostudiow.com.br\/site\/wp-content\/uploads\/2025\/01\/SITE-PEQUENO2.png\" alt=\"\" class=\"wp-image-32894\"\/><\/figure>\n\n\n\n<figure class=\"wp-block-image size-large\"><img loading=\"lazy\" decoding=\"async\" width=\"300\" height=\"180\" data-id=\"18945\" src=\"https:\/\/radiostudiow.com.br\/site\/wp-content\/uploads\/2024\/01\/SITE-PEQUENO.png\" alt=\"\" class=\"wp-image-18945\"\/><\/figure>\n<\/figure>\n\n\n\n<p>Diante da situa\u00e7\u00e3o, o condutor admitiu se tratar de uma arma de fogo, por\u00e9m n\u00e3o possu\u00eda porte. Os policiais localizaram um rev\u00f3lver calibre .32, marca Taurus e seis muni\u00e7\u00f5es.<\/p>\n\n\n\n<p>O motorista foi preso pelo crime de porte ilegal de arma de fogo de uso permitido. Ele foi conduzido para a Delegacia da Pol\u00edcia Civil de Irati para os procedimentos cab\u00edveis.<\/p>\n\n\n\n<p>O caminh\u00e3o, que transportava cinco cavalos e equipamentos para acampamento em rodeio, foi liberado a um condutor habilitado indicado pelo pr\u00f3prio motorista.<\/p>\n","protected":false},"excerpt":{"rendered":"<p>Informa\u00e7\u00f5es R\u00e1dio Alvorada \/ Colabora\u00e7\u00e3o Kiko de Oliveira A equipe da Pol\u00edcia Rodovi\u00e1ria Federal apreendeu um rev\u00f3lver calibre .32 e seis muni\u00e7\u00f5es durante fiscaliza\u00e7\u00e3o de tr\u00e2nsito no munic\u00edpio de Rebou\u00e7as por volta das 16 horas na tarde deste domingo (28). Os policiais deram ordem de parada para o condutor de um caminh\u00e3o boiadeiro, conduzido por [&hellip;]<\/p>\n","protected":false},"author":2,"featured_media":42993,"comment_status":"open","ping_status":"open","sticky":false,"template":"","format":"standard","meta":{"footnotes":""},"categories":[2],"tags":[172],"class_list":["post-42992","post","type-post","status-publish","format-standard","has-post-thumbnail","hentry","category-policial","tag-featured"],"amp_enabled":true,"_links":{"self":[{"href":"https:\/\/radiostudiow.com.br\/site\/wp-json\/wp\/v2\/posts\/42992","targetHints":{"allow":["GET"]}}],"collection":[{"href":"https:\/\/radiostudiow.com.br\/site\/wp-json\/wp\/v2\/posts"}],"about":[{"href":"https:\/\/radiostudiow.com.br\/site\/wp-json\/wp\/v2\/types\/post"}],"author":[{"embeddable":true,"href":"https:\/\/radiostudiow.com.br\/site\/wp-json\/wp\/v2\/users\/2"}],"replies":[{"embeddable":true,"href":"https:\/\/radiostudiow.com.br\/site\/wp-json\/wp\/v2\/comments?post=42992"}],"version-history":[{"count":2,"href":"https:\/\/radiostudiow.com.br\/site\/wp-json\/wp\/v2\/posts\/42992\/revisions"}],"predecessor-version":[{"id":42995,"href":"https:\/\/radiostudiow.com.br\/site\/wp-json\/wp\/v2\/posts\/42992\/revisions\/42995"}],"wp:featuredmedia":[{"embeddable":true,"href":"https:\/\/radiostudiow.com.br\/site\/wp-json\/wp\/v2\/media\/42993"}],"wp:attachment":[{"href":"https:\/\/radiostudiow.com.br\/site\/wp-json\/wp\/v2\/media?parent=42992"}],"wp:term":[{"taxonomy":"category","embeddable":true,"href":"https:\/\/radiostudiow.com.br\/site\/wp-json\/wp\/v2\/categories?post=42992"},{"taxonomy":"post_tag","embeddable":true,"href":"https:\/\/radiostudiow.com.br\/site\/wp-json\/wp\/v2\/tags?post=42992"}],"curies":[{"name":"wp","href":"https:\/\/api.w.org\/{rel}","templated":true}]}}