{"id":42996,"date":"2025-09-29T16:50:59","date_gmt":"2025-09-29T19:50:59","guid":{"rendered":"https:\/\/radiostudiow.com.br\/site\/?p=42996"},"modified":"2025-09-29T16:51:57","modified_gmt":"2025-09-29T19:51:57","slug":"violencia-domestica-com-uso-de-arma-de-incapacitacao","status":"publish","type":"post","link":"https:\/\/radiostudiow.com.br\/site\/2025\/09\/29\/violencia-domestica-com-uso-de-arma-de-incapacitacao\/","title":{"rendered":"Pol\u00edcia Militar registra viol\u00eancia dom\u00e9stica com uso de arma de incapacita\u00e7\u00e3o em Rebou\u00e7as"},"content":{"rendered":"\n<figure class=\"wp-block-image size-full\"><img loading=\"lazy\" decoding=\"async\" width=\"897\" height=\"207\" src=\"https:\/\/radiostudiow.com.br\/site\/wp-content\/uploads\/2025\/07\/TIJOLAO.png\" alt=\"\" class=\"wp-image-40184\" srcset=\"https:\/\/radiostudiow.com.br\/site\/wp-content\/uploads\/2025\/07\/TIJOLAO.png 897w, https:\/\/radiostudiow.com.br\/site\/wp-content\/uploads\/2025\/07\/TIJOLAO-300x69.png 300w, https:\/\/radiostudiow.com.br\/site\/wp-content\/uploads\/2025\/07\/TIJOLAO-768x177.png 768w\" sizes=\"auto, (max-width: 897px) 100vw, 897px\" \/><\/figure>\n\n\n\n<p class=\"has-text-align-center\"><em>Informa\u00e7\u00f5es R\u00e1dio Alvorada \/ Colabora\u00e7\u00e3o Kiko de Oliveira<\/em><\/p>\n\n\n\n<p>A equipe da Pol\u00edcia Militar de Rebou\u00e7as foi acionada para atender uma ocorr\u00eancia de\u00a0viol\u00eancia dom\u00e9stica\u00a0na \u00e1rea central por volta das\u00a013h53min de s\u00e1bado (27).<\/p>\n\n\n\n<p>No local, os policiais conversaram com a v\u00edtima, que relatou ter sido agredida pelo marido ap\u00f3s uma discuss\u00e3o. Diante das informa\u00e7\u00f5es e dos sinais de agress\u00e3o, os policiais deram voz de pris\u00e3o ao suspeito.<\/p>\n\n\n\n<p>No entanto, ele\u00a0negou-se a obedecer \u00e0 ordem policial, afirmando que a equipe n\u00e3o poderia ultrapassar o port\u00e3o de sua resid\u00eancia sem mandado judicial. Durante a tentativa de abordagem, os policiais visualizaram\u00a0um fac\u00e3o no ch\u00e3o, o que elevou o risco da situa\u00e7\u00e3o.<\/p>\n\n\n\n<figure class=\"wp-block-image size-large is-resized\"><img loading=\"lazy\" decoding=\"async\" width=\"1024\" height=\"614\" src=\"https:\/\/radiostudiow.com.br\/site\/wp-content\/uploads\/2025\/05\/5914fcac-c2b4-4795-a120-dc162c4a6466-1024x614.jpg\" alt=\"\" class=\"wp-image-38784\" style=\"width:315px;height:auto\" srcset=\"https:\/\/radiostudiow.com.br\/site\/wp-content\/uploads\/2025\/05\/5914fcac-c2b4-4795-a120-dc162c4a6466-1024x614.jpg 1024w, https:\/\/radiostudiow.com.br\/site\/wp-content\/uploads\/2025\/05\/5914fcac-c2b4-4795-a120-dc162c4a6466-300x180.jpg 300w, https:\/\/radiostudiow.com.br\/site\/wp-content\/uploads\/2025\/05\/5914fcac-c2b4-4795-a120-dc162c4a6466-768x460.jpg 768w, https:\/\/radiostudiow.com.br\/site\/wp-content\/uploads\/2025\/05\/5914fcac-c2b4-4795-a120-dc162c4a6466-1536x921.jpg 1536w, https:\/\/radiostudiow.com.br\/site\/wp-content\/uploads\/2025\/05\/5914fcac-c2b4-4795-a120-dc162c4a6466-1000x600.jpg 1000w, https:\/\/radiostudiow.com.br\/site\/wp-content\/uploads\/2025\/05\/5914fcac-c2b4-4795-a120-dc162c4a6466-590x354.jpg 590w, https:\/\/radiostudiow.com.br\/site\/wp-content\/uploads\/2025\/05\/5914fcac-c2b4-4795-a120-dc162c4a6466-400x240.jpg 400w, https:\/\/radiostudiow.com.br\/site\/wp-content\/uploads\/2025\/05\/5914fcac-c2b4-4795-a120-dc162c4a6466.jpg 1600w\" sizes=\"auto, (max-width: 1024px) 100vw, 1024px\" \/><\/figure>\n\n\n\n<p>Diante da resist\u00eancia ativa do autor, a equipe utilizou\u00a0arma de incapacita\u00e7\u00e3o neuromuscular, realizando\u00a0dois disparos, o que possibilitou a imobiliza\u00e7\u00e3o e algemamento do agressor.<\/p>\n\n\n\n<p>Ele foi encaminhado ao\u00a0Hospital Municipal de Rebou\u00e7as, onde foram realizados\u00a0laudos de les\u00f5es corporais em ambos os envolvidos. Em seguida, o detido foi levado \u00e0\u00a0Delegacia de Pol\u00edcia Civil de Irati\u00a0para os procedimentos legais.<a href=\"https:\/\/www.facebook.com\/sharer.php?u=https%3A%2F%2Fcanal4.tv.br%2F2025%2F09%2F27%2Fgoverno-federal-aprova-estudos-para-pedagiar-br-153%2F%3Ffbclid%3DIwY2xjawNHd81leHRuA2FlbQIxMQABHuuXGLNkitiUJP6876FvMfP-mU-_KN5PuN6_tkgchge5YIxukxq_58g7v0-T_aem_N1qBNIkFzk11QFopVYYUUw\" target=\"_blank\" rel=\"noreferrer noopener\"><\/a><\/p>\n\n\n\n<p><a href=\"https:\/\/web.whatsapp.com\/send?text=Governo%20Federal%20aprova%20estudos%20para%20pedagiar%20BR-153%20%E2%98%9B%20https%3A%2F%2Fcanal4.tv.br%2F2025%2F09%2F27%2Fgoverno-federal-aprova-estudos-para-pedagiar-br-153%2F%3Ffbclid%3DIwY2xjawNHd81leHRuA2FlbQIxMQABHuuXGLNkitiUJP6876FvMfP-mU-_KN5PuN6_tkgchge5YIxukxq_58g7v0-T_aem_N1qBNIkFzk11QFopVYYUUw\" target=\"_blank\" rel=\"noreferrer noopener\"><\/a><\/p>\n\n\n\n<p><a href=\"javascript:void(0);\"><\/a><\/p>\n","protected":false},"excerpt":{"rendered":"<p>Informa\u00e7\u00f5es R\u00e1dio Alvorada \/ Colabora\u00e7\u00e3o Kiko de Oliveira A equipe da Pol\u00edcia Militar de Rebou\u00e7as foi acionada para atender uma ocorr\u00eancia de\u00a0viol\u00eancia dom\u00e9stica\u00a0na \u00e1rea central por volta das\u00a013h53min de s\u00e1bado (27). No local, os policiais conversaram com a v\u00edtima, que relatou ter sido agredida pelo marido ap\u00f3s uma discuss\u00e3o. Diante das informa\u00e7\u00f5es e dos sinais [&hellip;]<\/p>\n","protected":false},"author":2,"featured_media":15416,"comment_status":"open","ping_status":"open","sticky":false,"template":"","format":"standard","meta":{"footnotes":""},"categories":[2],"tags":[172],"class_list":["post-42996","post","type-post","status-publish","format-standard","has-post-thumbnail","hentry","category-policial","tag-featured"],"amp_enabled":true,"_links":{"self":[{"href":"https:\/\/radiostudiow.com.br\/site\/wp-json\/wp\/v2\/posts\/42996","targetHints":{"allow":["GET"]}}],"collection":[{"href":"https:\/\/radiostudiow.com.br\/site\/wp-json\/wp\/v2\/posts"}],"about":[{"href":"https:\/\/radiostudiow.com.br\/site\/wp-json\/wp\/v2\/types\/post"}],"author":[{"embeddable":true,"href":"https:\/\/radiostudiow.com.br\/site\/wp-json\/wp\/v2\/users\/2"}],"replies":[{"embeddable":true,"href":"https:\/\/radiostudiow.com.br\/site\/wp-json\/wp\/v2\/comments?post=42996"}],"version-history":[{"count":4,"href":"https:\/\/radiostudiow.com.br\/site\/wp-json\/wp\/v2\/posts\/42996\/revisions"}],"predecessor-version":[{"id":43010,"href":"https:\/\/radiostudiow.com.br\/site\/wp-json\/wp\/v2\/posts\/42996\/revisions\/43010"}],"wp:featuredmedia":[{"embeddable":true,"href":"https:\/\/radiostudiow.com.br\/site\/wp-json\/wp\/v2\/media\/15416"}],"wp:attachment":[{"href":"https:\/\/radiostudiow.com.br\/site\/wp-json\/wp\/v2\/media?parent=42996"}],"wp:term":[{"taxonomy":"category","embeddable":true,"href":"https:\/\/radiostudiow.com.br\/site\/wp-json\/wp\/v2\/categories?post=42996"},{"taxonomy":"post_tag","embeddable":true,"href":"https:\/\/radiostudiow.com.br\/site\/wp-json\/wp\/v2\/tags?post=42996"}],"curies":[{"name":"wp","href":"https:\/\/api.w.org\/{rel}","templated":true}]}}