{"id":42998,"date":"2025-09-29T16:21:58","date_gmt":"2025-09-29T19:21:58","guid":{"rendered":"https:\/\/radiostudiow.com.br\/site\/?p=42998"},"modified":"2025-09-29T16:21:58","modified_gmt":"2025-09-29T19:21:58","slug":"acidente-entre-motos-deixa-dois-feridos-em-reboucas","status":"publish","type":"post","link":"https:\/\/radiostudiow.com.br\/site\/2025\/09\/29\/acidente-entre-motos-deixa-dois-feridos-em-reboucas\/","title":{"rendered":"Acidente entre motos deixa dois feridos em Rebou\u00e7as"},"content":{"rendered":"\n<figure class=\"wp-block-image size-full\"><img loading=\"lazy\" decoding=\"async\" width=\"300\" height=\"180\" src=\"https:\/\/radiostudiow.com.br\/site\/wp-content\/uploads\/2025\/08\/LILO.png\" alt=\"\" class=\"wp-image-41962\"\/><\/figure>\n\n\n\n<p class=\"has-text-align-center\"><em>Informa\u00e7\u00f5es R\u00e1dio Alvorada \/ Colabora\u00e7\u00e3o Kiko de Oliveira<\/em><\/p>\n\n\n\n<p>A equipe da Pol\u00edcia Militar de Rebou\u00e7as foi acionada pelo\u00a0Hospital Dona Darcy Vargas, ap\u00f3s a entrada de\u00a0dois homens feridos em um acidente de tr\u00e2nsito \u00e0 meia noite dessa madrugada desse domingo (28).<\/p>\n\n\n\n<p>As v\u00edtimas informaram que se envolveram em uma\u00a0colis\u00e3o entre duas motocicletas, sendo que um dos condutores teria cruzado a preferencial, causando o acidente.<\/p>\n\n\n\n<p>O boletim de ocorr\u00eancia foi registrado, e os envolvidos receberam as\u00a0orienta\u00e7\u00f5es quanto aos procedimentos cab\u00edveis.<\/p>\n\n\n\n<figure class=\"wp-block-image size-full\"><img loading=\"lazy\" decoding=\"async\" width=\"1024\" height=\"591\" src=\"https:\/\/radiostudiow.com.br\/site\/wp-content\/uploads\/2025\/09\/CASA-DO-CRIADOR.png\" alt=\"\" class=\"wp-image-42859\" srcset=\"https:\/\/radiostudiow.com.br\/site\/wp-content\/uploads\/2025\/09\/CASA-DO-CRIADOR.png 1024w, https:\/\/radiostudiow.com.br\/site\/wp-content\/uploads\/2025\/09\/CASA-DO-CRIADOR-300x173.png 300w, https:\/\/radiostudiow.com.br\/site\/wp-content\/uploads\/2025\/09\/CASA-DO-CRIADOR-768x443.png 768w\" sizes=\"auto, (max-width: 1024px) 100vw, 1024px\" \/><\/figure>\n","protected":false},"excerpt":{"rendered":"<p>Informa\u00e7\u00f5es R\u00e1dio Alvorada \/ Colabora\u00e7\u00e3o Kiko de Oliveira A equipe da Pol\u00edcia Militar de Rebou\u00e7as foi acionada pelo\u00a0Hospital Dona Darcy Vargas, ap\u00f3s a entrada de\u00a0dois homens feridos em um acidente de tr\u00e2nsito \u00e0 meia noite dessa madrugada desse domingo (28). As v\u00edtimas informaram que se envolveram em uma\u00a0colis\u00e3o entre duas motocicletas, sendo que um dos [&hellip;]<\/p>\n","protected":false},"author":2,"featured_media":35298,"comment_status":"open","ping_status":"open","sticky":false,"template":"","format":"standard","meta":{"footnotes":""},"categories":[7],"tags":[172],"class_list":["post-42998","post","type-post","status-publish","format-standard","has-post-thumbnail","hentry","category-geral","tag-featured"],"amp_enabled":true,"_links":{"self":[{"href":"https:\/\/radiostudiow.com.br\/site\/wp-json\/wp\/v2\/posts\/42998","targetHints":{"allow":["GET"]}}],"collection":[{"href":"https:\/\/radiostudiow.com.br\/site\/wp-json\/wp\/v2\/posts"}],"about":[{"href":"https:\/\/radiostudiow.com.br\/site\/wp-json\/wp\/v2\/types\/post"}],"author":[{"embeddable":true,"href":"https:\/\/radiostudiow.com.br\/site\/wp-json\/wp\/v2\/users\/2"}],"replies":[{"embeddable":true,"href":"https:\/\/radiostudiow.com.br\/site\/wp-json\/wp\/v2\/comments?post=42998"}],"version-history":[{"count":2,"href":"https:\/\/radiostudiow.com.br\/site\/wp-json\/wp\/v2\/posts\/42998\/revisions"}],"predecessor-version":[{"id":43005,"href":"https:\/\/radiostudiow.com.br\/site\/wp-json\/wp\/v2\/posts\/42998\/revisions\/43005"}],"wp:featuredmedia":[{"embeddable":true,"href":"https:\/\/radiostudiow.com.br\/site\/wp-json\/wp\/v2\/media\/35298"}],"wp:attachment":[{"href":"https:\/\/radiostudiow.com.br\/site\/wp-json\/wp\/v2\/media?parent=42998"}],"wp:term":[{"taxonomy":"category","embeddable":true,"href":"https:\/\/radiostudiow.com.br\/site\/wp-json\/wp\/v2\/categories?post=42998"},{"taxonomy":"post_tag","embeddable":true,"href":"https:\/\/radiostudiow.com.br\/site\/wp-json\/wp\/v2\/tags?post=42998"}],"curies":[{"name":"wp","href":"https:\/\/api.w.org\/{rel}","templated":true}]}}