{"id":43000,"date":"2025-09-29T16:29:02","date_gmt":"2025-09-29T19:29:02","guid":{"rendered":"https:\/\/radiostudiow.com.br\/site\/?p=43000"},"modified":"2025-09-29T18:09:14","modified_gmt":"2025-09-29T21:09:14","slug":"homem-e-ameacado-com-faca-por-mulher-durante-encontro-em-reboucas","status":"publish","type":"post","link":"https:\/\/radiostudiow.com.br\/site\/2025\/09\/29\/homem-e-ameacado-com-faca-por-mulher-durante-encontro-em-reboucas\/","title":{"rendered":"Homem \u00e9 amea\u00e7ado com faca por mulher durante encontro em Rebou\u00e7as"},"content":{"rendered":"\n<figure class=\"wp-block-image size-full\"><img loading=\"lazy\" decoding=\"async\" width=\"897\" height=\"204\" src=\"https:\/\/radiostudiow.com.br\/site\/wp-content\/uploads\/2025\/01\/SITE-GRANDE3.png\" alt=\"\" class=\"wp-image-32900\" srcset=\"https:\/\/radiostudiow.com.br\/site\/wp-content\/uploads\/2025\/01\/SITE-GRANDE3.png 897w, https:\/\/radiostudiow.com.br\/site\/wp-content\/uploads\/2025\/01\/SITE-GRANDE3-300x68.png 300w, https:\/\/radiostudiow.com.br\/site\/wp-content\/uploads\/2025\/01\/SITE-GRANDE3-768x175.png 768w\" sizes=\"auto, (max-width: 897px) 100vw, 897px\" \/><\/figure>\n\n\n\n<p class=\"has-text-align-center\"><em>Informa\u00e7\u00f5es R\u00e1dio Alvorada \/ Colabora\u00e7\u00e3o Kiko de Oliveira<\/em><\/p>\n\n\n\n<p>Um homem acionou a Pol\u00edcia Militar de Rebou\u00e7as ap\u00f3s ser\u00a0amea\u00e7ado com uma faca por uma mulher, com quem havia marcado um encontro em sua resid\u00eancia durante a madrugada desse domingo (28).<\/p>\n\n\n\n<p>Segundo relato da v\u00edtima, ap\u00f3s algum tempo juntos, ele informou \u00e0 mulher que iria embora, momento em que ela se exaltou, pegou o\u00a0capacete da moto\u00a0do rapaz e o amea\u00e7ou com uma\u00a0faca. Temendo por sua seguran\u00e7a, o homem deixou o local e procurou ajuda.<\/p>\n\n\n\n<p>A PM registrou o\u00a0boletim de ocorr\u00eancia\u00a0e orientou o solicitante sobre os\u00a0procedimentos legais\u00a0a serem tomados.<\/p>\n\n\n\n<figure class=\"wp-block-image size-full\"><img loading=\"lazy\" decoding=\"async\" width=\"300\" height=\"180\" src=\"https:\/\/radiostudiow.com.br\/site\/wp-content\/uploads\/2025\/05\/SITE-PEQUENO.jpg\" alt=\"\" class=\"wp-image-38684\"\/><\/figure>\n","protected":false},"excerpt":{"rendered":"<p>Informa\u00e7\u00f5es R\u00e1dio Alvorada \/ Colabora\u00e7\u00e3o Kiko de Oliveira Um homem acionou a Pol\u00edcia Militar de Rebou\u00e7as ap\u00f3s ser\u00a0amea\u00e7ado com uma faca por uma mulher, com quem havia marcado um encontro em sua resid\u00eancia durante a madrugada desse domingo (28). Segundo relato da v\u00edtima, ap\u00f3s algum tempo juntos, ele informou \u00e0 mulher que iria embora, momento [&hellip;]<\/p>\n","protected":false},"author":2,"featured_media":1357,"comment_status":"open","ping_status":"open","sticky":false,"template":"","format":"standard","meta":{"footnotes":""},"categories":[2],"tags":[172],"class_list":["post-43000","post","type-post","status-publish","format-standard","has-post-thumbnail","hentry","category-policial","tag-featured"],"amp_enabled":true,"_links":{"self":[{"href":"https:\/\/radiostudiow.com.br\/site\/wp-json\/wp\/v2\/posts\/43000","targetHints":{"allow":["GET"]}}],"collection":[{"href":"https:\/\/radiostudiow.com.br\/site\/wp-json\/wp\/v2\/posts"}],"about":[{"href":"https:\/\/radiostudiow.com.br\/site\/wp-json\/wp\/v2\/types\/post"}],"author":[{"embeddable":true,"href":"https:\/\/radiostudiow.com.br\/site\/wp-json\/wp\/v2\/users\/2"}],"replies":[{"embeddable":true,"href":"https:\/\/radiostudiow.com.br\/site\/wp-json\/wp\/v2\/comments?post=43000"}],"version-history":[{"count":3,"href":"https:\/\/radiostudiow.com.br\/site\/wp-json\/wp\/v2\/posts\/43000\/revisions"}],"predecessor-version":[{"id":43018,"href":"https:\/\/radiostudiow.com.br\/site\/wp-json\/wp\/v2\/posts\/43000\/revisions\/43018"}],"wp:featuredmedia":[{"embeddable":true,"href":"https:\/\/radiostudiow.com.br\/site\/wp-json\/wp\/v2\/media\/1357"}],"wp:attachment":[{"href":"https:\/\/radiostudiow.com.br\/site\/wp-json\/wp\/v2\/media?parent=43000"}],"wp:term":[{"taxonomy":"category","embeddable":true,"href":"https:\/\/radiostudiow.com.br\/site\/wp-json\/wp\/v2\/categories?post=43000"},{"taxonomy":"post_tag","embeddable":true,"href":"https:\/\/radiostudiow.com.br\/site\/wp-json\/wp\/v2\/tags?post=43000"}],"curies":[{"name":"wp","href":"https:\/\/api.w.org\/{rel}","templated":true}]}}