{"id":43025,"date":"2025-09-30T09:55:35","date_gmt":"2025-09-30T12:55:35","guid":{"rendered":"https:\/\/radiostudiow.com.br\/site\/?p=43025"},"modified":"2025-09-30T09:55:35","modified_gmt":"2025-09-30T12:55:35","slug":"troca-de-tiros-em-confronto-e-registrada-em-general-carneiro","status":"publish","type":"post","link":"https:\/\/radiostudiow.com.br\/site\/2025\/09\/30\/troca-de-tiros-em-confronto-e-registrada-em-general-carneiro\/","title":{"rendered":"Troca de tiros em confronto \u00e9 registrada em General Carneiro"},"content":{"rendered":"\n<figure class=\"wp-block-image size-full\"><img loading=\"lazy\" decoding=\"async\" width=\"897\" height=\"204\" src=\"https:\/\/radiostudiow.com.br\/site\/wp-content\/uploads\/2025\/03\/image-62.png\" alt=\"\" class=\"wp-image-35859\" srcset=\"https:\/\/radiostudiow.com.br\/site\/wp-content\/uploads\/2025\/03\/image-62.png 897w, https:\/\/radiostudiow.com.br\/site\/wp-content\/uploads\/2025\/03\/image-62-300x68.png 300w, https:\/\/radiostudiow.com.br\/site\/wp-content\/uploads\/2025\/03\/image-62-768x175.png 768w\" sizes=\"auto, (max-width: 897px) 100vw, 897px\" \/><\/figure>\n\n\n\n<p>Uma troca de tiros em confronto foi registrada na noite desta segunda-feira, 29 de setembro, em General Carneiro.<\/p>\n\n\n\n<p>De acordo com as informa\u00e7\u00f5es, dois policiais realizavam a seguran\u00e7a da cidade quando, durante o atendimento de uma ocorr\u00eancia, houve o confronto armado.<\/p>\n\n\n\n<p>Um policial foi atingido no t\u00f3rax, recebeu atendimento inicial no Pronto Atendimento Municipal e, ap\u00f3s estabiliza\u00e7\u00e3o, foi transferido pela equipe da Alfa do SAMU para atendimento especializado em Uni\u00e3o da Vit\u00f3ria.<\/p>\n\n\n\n<figure class=\"wp-block-image size-full\"><img loading=\"lazy\" decoding=\"async\" width=\"598\" height=\"204\" src=\"https:\/\/radiostudiow.com.br\/site\/wp-content\/uploads\/2024\/10\/labirati.png\" alt=\"\" class=\"wp-image-28854\" srcset=\"https:\/\/radiostudiow.com.br\/site\/wp-content\/uploads\/2024\/10\/labirati.png 598w, https:\/\/radiostudiow.com.br\/site\/wp-content\/uploads\/2024\/10\/labirati-300x102.png 300w\" sizes=\"auto, (max-width: 598px) 100vw, 598px\" \/><\/figure>\n\n\n\n<p>Durante a troca de tiros, um dos suspeitos tamb\u00e9m foi baleado. At\u00e9 o momento, n\u00e3o h\u00e1 informa\u00e7\u00f5es oficiais sobre a identidade dos envolvidos nem sobre a motiva\u00e7\u00e3o do confronto.<\/p>\n\n\n\n<p>Um grande refor\u00e7o policial foi mobilizado para a cidade. As informa\u00e7\u00f5es s\u00e3o extraoficiais e ainda aguardam confirma\u00e7\u00e3o da Pol\u00edcia Militar.<\/p>\n","protected":false},"excerpt":{"rendered":"<p>Uma troca de tiros em confronto foi registrada na noite desta segunda-feira, 29 de setembro, em General Carneiro. De acordo com as informa\u00e7\u00f5es, dois policiais realizavam a seguran\u00e7a da cidade quando, durante o atendimento de uma ocorr\u00eancia, houve o confronto armado. Um policial foi atingido no t\u00f3rax, recebeu atendimento inicial no Pronto Atendimento Municipal e, [&hellip;]<\/p>\n","protected":false},"author":2,"featured_media":32845,"comment_status":"open","ping_status":"open","sticky":false,"template":"","format":"standard","meta":{"footnotes":""},"categories":[2],"tags":[172],"class_list":["post-43025","post","type-post","status-publish","format-standard","has-post-thumbnail","hentry","category-policial","tag-featured"],"amp_enabled":true,"_links":{"self":[{"href":"https:\/\/radiostudiow.com.br\/site\/wp-json\/wp\/v2\/posts\/43025","targetHints":{"allow":["GET"]}}],"collection":[{"href":"https:\/\/radiostudiow.com.br\/site\/wp-json\/wp\/v2\/posts"}],"about":[{"href":"https:\/\/radiostudiow.com.br\/site\/wp-json\/wp\/v2\/types\/post"}],"author":[{"embeddable":true,"href":"https:\/\/radiostudiow.com.br\/site\/wp-json\/wp\/v2\/users\/2"}],"replies":[{"embeddable":true,"href":"https:\/\/radiostudiow.com.br\/site\/wp-json\/wp\/v2\/comments?post=43025"}],"version-history":[{"count":1,"href":"https:\/\/radiostudiow.com.br\/site\/wp-json\/wp\/v2\/posts\/43025\/revisions"}],"predecessor-version":[{"id":43026,"href":"https:\/\/radiostudiow.com.br\/site\/wp-json\/wp\/v2\/posts\/43025\/revisions\/43026"}],"wp:featuredmedia":[{"embeddable":true,"href":"https:\/\/radiostudiow.com.br\/site\/wp-json\/wp\/v2\/media\/32845"}],"wp:attachment":[{"href":"https:\/\/radiostudiow.com.br\/site\/wp-json\/wp\/v2\/media?parent=43025"}],"wp:term":[{"taxonomy":"category","embeddable":true,"href":"https:\/\/radiostudiow.com.br\/site\/wp-json\/wp\/v2\/categories?post=43025"},{"taxonomy":"post_tag","embeddable":true,"href":"https:\/\/radiostudiow.com.br\/site\/wp-json\/wp\/v2\/tags?post=43025"}],"curies":[{"name":"wp","href":"https:\/\/api.w.org\/{rel}","templated":true}]}}