{"id":43027,"date":"2025-09-30T10:53:52","date_gmt":"2025-09-30T13:53:52","guid":{"rendered":"https:\/\/radiostudiow.com.br\/site\/?p=43027"},"modified":"2025-09-30T10:53:52","modified_gmt":"2025-09-30T13:53:52","slug":"atualizacao-confronto-em-general-carneiro-deixa-policial-ferido-e-acusado-de-estupro-morto","status":"publish","type":"post","link":"https:\/\/radiostudiow.com.br\/site\/2025\/09\/30\/atualizacao-confronto-em-general-carneiro-deixa-policial-ferido-e-acusado-de-estupro-morto\/","title":{"rendered":"ATUALIZA\u00c7\u00c3O! Confronto em General Carneiro deixa pol\u00edcial ferido e acusado de estupro morto"},"content":{"rendered":"\n<figure class=\"wp-block-image size-full\"><img loading=\"lazy\" decoding=\"async\" width=\"897\" height=\"204\" src=\"https:\/\/radiostudiow.com.br\/site\/wp-content\/uploads\/2024\/01\/SITE-GRANDE3.png\" alt=\"zaions\" class=\"wp-image-18936\" srcset=\"https:\/\/radiostudiow.com.br\/site\/wp-content\/uploads\/2024\/01\/SITE-GRANDE3.png 897w, https:\/\/radiostudiow.com.br\/site\/wp-content\/uploads\/2024\/01\/SITE-GRANDE3-300x68.png 300w, https:\/\/radiostudiow.com.br\/site\/wp-content\/uploads\/2024\/01\/SITE-GRANDE3-768x175.png 768w\" sizes=\"auto, (max-width: 897px) 100vw, 897px\" \/><\/figure>\n\n\n\n<p>Atualiza\u00e7\u00e3o de mais detalhes sobre o confronto armado registrado por volta das 20 horas da noite desta segunda-feira, 29 de setembro, na localidade de\u00a0Faxinal II, pr\u00f3ximo \u00e0 rodovia PR-170 na \u00e1rea rural de General Carneiro.<\/p>\n\n\n\n<p>A equipe da Pol\u00edcia Militar se deslocou para cumprir um\u00a0mandado de pris\u00e3o\u00a0contra\u00a0Ant\u00f4nio S\u00e9rgio Passos, de 62 anos, acusado de estupro. Inicialmente, o suspeito colaborou com a abordagem, permitindo revista pessoal, onde nada de ilegal foi localizado. <\/p>\n\n\n\n<p>Os policiais informaram ao homem que seria conduzido ao Pelot\u00e3o e, ele disse que buscaria documentos em uma resid\u00eancia dentro da mesma propriedade. Acompanhado por um policial, o suspeito tomou posse de uma\u00a0arma de fogo\u00a0e iniciou um tiroteio.<\/p>\n\n\n\n<figure class=\"wp-block-image size-full\"><img loading=\"lazy\" decoding=\"async\" width=\"598\" height=\"204\" src=\"https:\/\/radiostudiow.com.br\/site\/wp-content\/uploads\/2025\/05\/POLAK.png\" alt=\"\" class=\"wp-image-37847\" srcset=\"https:\/\/radiostudiow.com.br\/site\/wp-content\/uploads\/2025\/05\/POLAK.png 598w, https:\/\/radiostudiow.com.br\/site\/wp-content\/uploads\/2025\/05\/POLAK-300x102.png 300w\" sizes=\"auto, (max-width: 598px) 100vw, 598px\" \/><\/figure>\n\n\n\n<p>O soldado\u00a0Guilherme Olinqueviz, de 29 anos, foi atingido na regi\u00e3o abdominal. Apesar do ferimento, o policial reagiu e seguiu no confronto at\u00e9 ser socorrido pela colega de equipe, soldado Seger, que rapidamente o levou ao\u00a0Pronto Atendimento de General Carneiro. Logo em seguida foi transferido ao\u00a0Hospital Regional de Uni\u00e3o da Vit\u00f3ria, onde segue hospitalizado.<\/p>\n\n\n\n<p>Com o primeiro recuo dos policiais, Ant\u00f4nio S\u00e9rgio Passos conseguiu fugir. No entanto, foi\u00a0localizado novamente\u00a0pouco tempo depois. Em novo confronto armado com as for\u00e7as policiais, ele foi baleado e morreu no local.<\/p>\n\n\n\n<p>A ocorr\u00eancia mobilizou\u00a0diversas equipes da Pol\u00edcia Militar, que atuaram de forma r\u00e1pida e coordenada para garantir a seguran\u00e7a da popula\u00e7\u00e3o.<\/p>\n","protected":false},"excerpt":{"rendered":"<p>Atualiza\u00e7\u00e3o de mais detalhes sobre o confronto armado registrado por volta das 20 horas da noite desta segunda-feira, 29 de setembro, na localidade de\u00a0Faxinal II, pr\u00f3ximo \u00e0 rodovia PR-170 na \u00e1rea rural de General Carneiro. A equipe da Pol\u00edcia Militar se deslocou para cumprir um\u00a0mandado de pris\u00e3o\u00a0contra\u00a0Ant\u00f4nio S\u00e9rgio Passos, de 62 anos, acusado de estupro. [&hellip;]<\/p>\n","protected":false},"author":2,"featured_media":10151,"comment_status":"open","ping_status":"open","sticky":false,"template":"","format":"standard","meta":{"footnotes":""},"categories":[2],"tags":[172],"class_list":["post-43027","post","type-post","status-publish","format-standard","has-post-thumbnail","hentry","category-policial","tag-featured"],"amp_enabled":true,"_links":{"self":[{"href":"https:\/\/radiostudiow.com.br\/site\/wp-json\/wp\/v2\/posts\/43027","targetHints":{"allow":["GET"]}}],"collection":[{"href":"https:\/\/radiostudiow.com.br\/site\/wp-json\/wp\/v2\/posts"}],"about":[{"href":"https:\/\/radiostudiow.com.br\/site\/wp-json\/wp\/v2\/types\/post"}],"author":[{"embeddable":true,"href":"https:\/\/radiostudiow.com.br\/site\/wp-json\/wp\/v2\/users\/2"}],"replies":[{"embeddable":true,"href":"https:\/\/radiostudiow.com.br\/site\/wp-json\/wp\/v2\/comments?post=43027"}],"version-history":[{"count":1,"href":"https:\/\/radiostudiow.com.br\/site\/wp-json\/wp\/v2\/posts\/43027\/revisions"}],"predecessor-version":[{"id":43028,"href":"https:\/\/radiostudiow.com.br\/site\/wp-json\/wp\/v2\/posts\/43027\/revisions\/43028"}],"wp:featuredmedia":[{"embeddable":true,"href":"https:\/\/radiostudiow.com.br\/site\/wp-json\/wp\/v2\/media\/10151"}],"wp:attachment":[{"href":"https:\/\/radiostudiow.com.br\/site\/wp-json\/wp\/v2\/media?parent=43027"}],"wp:term":[{"taxonomy":"category","embeddable":true,"href":"https:\/\/radiostudiow.com.br\/site\/wp-json\/wp\/v2\/categories?post=43027"},{"taxonomy":"post_tag","embeddable":true,"href":"https:\/\/radiostudiow.com.br\/site\/wp-json\/wp\/v2\/tags?post=43027"}],"curies":[{"name":"wp","href":"https:\/\/api.w.org\/{rel}","templated":true}]}}