{"id":4305,"date":"2021-11-04T11:55:37","date_gmt":"2021-11-04T14:55:37","guid":{"rendered":"https:\/\/radiostudiow.com.br\/site\/?p=4305"},"modified":"2025-01-31T15:12:23","modified_gmt":"2025-01-31T18:12:23","slug":"carreta-carregada-com-milho-tomba-na-br-153-em-mallet","status":"publish","type":"post","link":"https:\/\/radiostudiow.com.br\/site\/2021\/11\/04\/carreta-carregada-com-milho-tomba-na-br-153-em-mallet\/","title":{"rendered":"CARRETA CARREGADA COM MILHO TOMBA NA BR 153 EM MALLET"},"content":{"rendered":"\n<p>No fim da tarde desta quarta-feira (03), por volta das 17:30 horas, uma carreta bitrem com placas da cidade de S\u00e3o Sebasti\u00e3o da Amoreira (PR), cidade cerca de 49 km de Londrina, seguia sentido \u00e0 Uni\u00e3o da Vit\u00f3ria, quando passava pelo km 395 da Rodovia BR 153 na cidade de Mallet, acabou tombando pr\u00f3ximo do trecho conhecido como \u201cDescida das \u00c1guas\u201d, na curva da balan\u00e7a.<\/p>\n\n\n\n<p>Segundo os Bombeiros Comunit\u00e1rios que foram acionados, o condutor n\u00e3o se feriu gravemente, somente com um corte na testa, mas mesmo assim foi socorrido e levado para o Hospital S\u00e3o Pedro pela ambul\u00e2ncia de plant\u00e3o da Secretaria de Sa\u00fade.<\/p>\n\n\n\n<p>De acordo com caminhoneiros que vinham logo atr\u00e1s, ao desviar de um ve\u00edculo que vinha em sentido contr\u00e1rio, possivelmente a parte de tr\u00e1s da carreta saiu para fora da pista onde h\u00e1 uma eleva\u00e7\u00e3o, vindo o motorista a perder o controle da carreta.<\/p>\n\n\n\n<p>Os Bombeiros Comunit\u00e1rios realizaram a limpeza da pista para que o tr\u00e1fego de ve\u00edculos seguisse normalmente, at\u00e9 a chegada da Pol\u00edcia Rodovi\u00e1ria Federal.<\/p>\n\n\n\n<p>A carreta que vinha do estado do Mato Grosso, seguiria para a cidade de Videira em Santa Catarina.<\/p>\n\n\n\n<figure class=\"wp-block-image size-full\"><img decoding=\"async\" src=\"https:\/\/radiostudiow.com.br\/site\/wp-content\/uploads\/2021\/08\/240387432_2992083691066122_4820772207429196742_n.jpg\" alt=\"\" class=\"wp-image-3380\"\/><\/figure>\n\n\n\n<figure class=\"wp-block-gallery columns-1 is-cropped wp-block-gallery-1 is-layout-flex wp-block-gallery-is-layout-flex\"><ul class=\"blocks-gallery-grid\"><li class=\"blocks-gallery-item\"><figure><img loading=\"lazy\" decoding=\"async\" width=\"768\" height=\"1024\" src=\"https:\/\/radiostudiow.com.br\/site\/wp-content\/uploads\/2021\/11\/02-768x1024.jpeg\" alt=\"\" data-id=\"4308\" data-full-url=\"https:\/\/radiostudiow.com.br\/site\/wp-content\/uploads\/2021\/11\/02.jpeg\" data-link=\"https:\/\/radiostudiow.com.br\/site\/?attachment_id=4308\" class=\"wp-image-4308\" srcset=\"https:\/\/radiostudiow.com.br\/site\/wp-content\/uploads\/2021\/11\/02-768x1024.jpeg 768w, https:\/\/radiostudiow.com.br\/site\/wp-content\/uploads\/2021\/11\/02-225x300.jpeg 225w, https:\/\/radiostudiow.com.br\/site\/wp-content\/uploads\/2021\/11\/02-1152x1536.jpeg 1152w, https:\/\/radiostudiow.com.br\/site\/wp-content\/uploads\/2021\/11\/02.jpeg 1200w\" sizes=\"auto, (max-width: 768px) 100vw, 768px\" \/><\/figure><\/li><li class=\"blocks-gallery-item\"><figure><img loading=\"lazy\" decoding=\"async\" width=\"768\" height=\"1024\" src=\"https:\/\/radiostudiow.com.br\/site\/wp-content\/uploads\/2021\/11\/03-768x1024.jpeg\" alt=\"\" data-id=\"4309\" data-full-url=\"https:\/\/radiostudiow.com.br\/site\/wp-content\/uploads\/2021\/11\/03.jpeg\" data-link=\"https:\/\/radiostudiow.com.br\/site\/?attachment_id=4309\" class=\"wp-image-4309\" srcset=\"https:\/\/radiostudiow.com.br\/site\/wp-content\/uploads\/2021\/11\/03-768x1024.jpeg 768w, https:\/\/radiostudiow.com.br\/site\/wp-content\/uploads\/2021\/11\/03-225x300.jpeg 225w, https:\/\/radiostudiow.com.br\/site\/wp-content\/uploads\/2021\/11\/03-1152x1536.jpeg 1152w, https:\/\/radiostudiow.com.br\/site\/wp-content\/uploads\/2021\/11\/03.jpeg 1200w\" sizes=\"auto, (max-width: 768px) 100vw, 768px\" \/><\/figure><\/li><li class=\"blocks-gallery-item\"><figure><img loading=\"lazy\" decoding=\"async\" width=\"768\" height=\"1024\" src=\"https:\/\/radiostudiow.com.br\/site\/wp-content\/uploads\/2021\/11\/04-768x1024.jpeg\" alt=\"\" data-id=\"4310\" data-full-url=\"https:\/\/radiostudiow.com.br\/site\/wp-content\/uploads\/2021\/11\/04.jpeg\" data-link=\"https:\/\/radiostudiow.com.br\/site\/?attachment_id=4310\" class=\"wp-image-4310\" srcset=\"https:\/\/radiostudiow.com.br\/site\/wp-content\/uploads\/2021\/11\/04-768x1024.jpeg 768w, https:\/\/radiostudiow.com.br\/site\/wp-content\/uploads\/2021\/11\/04-225x300.jpeg 225w, https:\/\/radiostudiow.com.br\/site\/wp-content\/uploads\/2021\/11\/04-1152x1536.jpeg 1152w, https:\/\/radiostudiow.com.br\/site\/wp-content\/uploads\/2021\/11\/04.jpeg 1200w\" sizes=\"auto, (max-width: 768px) 100vw, 768px\" \/><\/figure><\/li><\/ul><\/figure>\n\n\n\n<figure class=\"wp-block-image size-full\"><img decoding=\"async\" src=\"https:\/\/radiostudiow.com.br\/site\/wp-content\/uploads\/2021\/09\/SICREDI.jpg\" alt=\"\" class=\"wp-image-3492\"\/><\/figure>\n","protected":false},"excerpt":{"rendered":"<p>No fim da tarde desta quarta-feira (03), por volta das 17:30 horas, uma carreta bitrem com placas da cidade de S\u00e3o Sebasti\u00e3o da Amoreira (PR), cidade cerca de 49 km de Londrina, seguia sentido \u00e0 Uni\u00e3o da Vit\u00f3ria, quando passava pelo km 395 da Rodovia BR 153 na cidade de Mallet, acabou tombando pr\u00f3ximo do [&hellip;]<\/p>\n","protected":false},"author":2,"featured_media":4306,"comment_status":"open","ping_status":"open","sticky":false,"template":"","format":"standard","meta":{"footnotes":""},"categories":[7,184],"tags":[172],"class_list":["post-4305","post","type-post","status-publish","format-standard","has-post-thumbnail","hentry","category-geral","category-local","tag-featured"],"amp_enabled":true,"_links":{"self":[{"href":"https:\/\/radiostudiow.com.br\/site\/wp-json\/wp\/v2\/posts\/4305","targetHints":{"allow":["GET"]}}],"collection":[{"href":"https:\/\/radiostudiow.com.br\/site\/wp-json\/wp\/v2\/posts"}],"about":[{"href":"https:\/\/radiostudiow.com.br\/site\/wp-json\/wp\/v2\/types\/post"}],"author":[{"embeddable":true,"href":"https:\/\/radiostudiow.com.br\/site\/wp-json\/wp\/v2\/users\/2"}],"replies":[{"embeddable":true,"href":"https:\/\/radiostudiow.com.br\/site\/wp-json\/wp\/v2\/comments?post=4305"}],"version-history":[{"count":1,"href":"https:\/\/radiostudiow.com.br\/site\/wp-json\/wp\/v2\/posts\/4305\/revisions"}],"predecessor-version":[{"id":4311,"href":"https:\/\/radiostudiow.com.br\/site\/wp-json\/wp\/v2\/posts\/4305\/revisions\/4311"}],"wp:featuredmedia":[{"embeddable":true,"href":"https:\/\/radiostudiow.com.br\/site\/wp-json\/wp\/v2\/media\/4306"}],"wp:attachment":[{"href":"https:\/\/radiostudiow.com.br\/site\/wp-json\/wp\/v2\/media?parent=4305"}],"wp:term":[{"taxonomy":"category","embeddable":true,"href":"https:\/\/radiostudiow.com.br\/site\/wp-json\/wp\/v2\/categories?post=4305"},{"taxonomy":"post_tag","embeddable":true,"href":"https:\/\/radiostudiow.com.br\/site\/wp-json\/wp\/v2\/tags?post=4305"}],"curies":[{"name":"wp","href":"https:\/\/api.w.org\/{rel}","templated":true}]}}