{"id":43081,"date":"2025-10-01T09:45:47","date_gmt":"2025-10-01T12:45:47","guid":{"rendered":"https:\/\/radiostudiow.com.br\/site\/?p=43081"},"modified":"2025-10-01T09:45:48","modified_gmt":"2025-10-01T12:45:48","slug":"homem-e-preso-por-trafico-de-drogas-em-uniao-da-vitoria-16","status":"publish","type":"post","link":"https:\/\/radiostudiow.com.br\/site\/2025\/10\/01\/homem-e-preso-por-trafico-de-drogas-em-uniao-da-vitoria-16\/","title":{"rendered":"Homem \u00e9 preso por tr\u00e1fico de drogas em Uni\u00e3o da Vit\u00f3ria"},"content":{"rendered":"\n<figure class=\"wp-block-image size-full\"><img loading=\"lazy\" decoding=\"async\" width=\"897\" height=\"204\" src=\"https:\/\/radiostudiow.com.br\/site\/wp-content\/uploads\/2024\/01\/SITE-GRANDE3.png\" alt=\"zaions\" class=\"wp-image-18936\" srcset=\"https:\/\/radiostudiow.com.br\/site\/wp-content\/uploads\/2024\/01\/SITE-GRANDE3.png 897w, https:\/\/radiostudiow.com.br\/site\/wp-content\/uploads\/2024\/01\/SITE-GRANDE3-300x68.png 300w, https:\/\/radiostudiow.com.br\/site\/wp-content\/uploads\/2024\/01\/SITE-GRANDE3-768x175.png 768w\" sizes=\"auto, (max-width: 897px) 100vw, 897px\" \/><\/figure>\n\n\n\n<p>A equipe da Pol\u00edcia Militar de Uni\u00e3o da Vit\u00f3ria estava em patrulhamento quando abordou um ve\u00edculo de transporte por aplicativo estacionado irregularmente na \u00e1rea central por volta das 18 horas dessa ter\u00e7a-feira (30).<\/p>\n\n\n\n<p>Na busca pessoal ao passageiro, foram encontradas por\u00e7\u00f5es de subst\u00e2ncia semelhante \u00e0 coca\u00edna. O passageiro foi preso em flagrante e conduzido \u00e0 delegacia para as provid\u00eancias cab\u00edveis.<\/p>\n\n\n\n<p><\/p>\n","protected":false},"excerpt":{"rendered":"<p>A equipe da Pol\u00edcia Militar de Uni\u00e3o da Vit\u00f3ria estava em patrulhamento quando abordou um ve\u00edculo de transporte por aplicativo estacionado irregularmente na \u00e1rea central por volta das 18 horas dessa ter\u00e7a-feira (30). Na busca pessoal ao passageiro, foram encontradas por\u00e7\u00f5es de subst\u00e2ncia semelhante \u00e0 coca\u00edna. O passageiro foi preso em flagrante e conduzido \u00e0 [&hellip;]<\/p>\n","protected":false},"author":2,"featured_media":43083,"comment_status":"open","ping_status":"open","sticky":false,"template":"","format":"standard","meta":{"footnotes":""},"categories":[2],"tags":[172],"class_list":["post-43081","post","type-post","status-publish","format-standard","has-post-thumbnail","hentry","category-policial","tag-featured"],"amp_enabled":true,"_links":{"self":[{"href":"https:\/\/radiostudiow.com.br\/site\/wp-json\/wp\/v2\/posts\/43081","targetHints":{"allow":["GET"]}}],"collection":[{"href":"https:\/\/radiostudiow.com.br\/site\/wp-json\/wp\/v2\/posts"}],"about":[{"href":"https:\/\/radiostudiow.com.br\/site\/wp-json\/wp\/v2\/types\/post"}],"author":[{"embeddable":true,"href":"https:\/\/radiostudiow.com.br\/site\/wp-json\/wp\/v2\/users\/2"}],"replies":[{"embeddable":true,"href":"https:\/\/radiostudiow.com.br\/site\/wp-json\/wp\/v2\/comments?post=43081"}],"version-history":[{"count":2,"href":"https:\/\/radiostudiow.com.br\/site\/wp-json\/wp\/v2\/posts\/43081\/revisions"}],"predecessor-version":[{"id":43084,"href":"https:\/\/radiostudiow.com.br\/site\/wp-json\/wp\/v2\/posts\/43081\/revisions\/43084"}],"wp:featuredmedia":[{"embeddable":true,"href":"https:\/\/radiostudiow.com.br\/site\/wp-json\/wp\/v2\/media\/43083"}],"wp:attachment":[{"href":"https:\/\/radiostudiow.com.br\/site\/wp-json\/wp\/v2\/media?parent=43081"}],"wp:term":[{"taxonomy":"category","embeddable":true,"href":"https:\/\/radiostudiow.com.br\/site\/wp-json\/wp\/v2\/categories?post=43081"},{"taxonomy":"post_tag","embeddable":true,"href":"https:\/\/radiostudiow.com.br\/site\/wp-json\/wp\/v2\/tags?post=43081"}],"curies":[{"name":"wp","href":"https:\/\/api.w.org\/{rel}","templated":true}]}}