{"id":43099,"date":"2025-10-01T11:54:39","date_gmt":"2025-10-01T14:54:39","guid":{"rendered":"https:\/\/radiostudiow.com.br\/site\/?p=43099"},"modified":"2025-10-01T11:54:39","modified_gmt":"2025-10-01T14:54:39","slug":"policia-militar-registra-infracao-de-transito-e-extravio-de-celular-em-rio-azul","status":"publish","type":"post","link":"https:\/\/radiostudiow.com.br\/site\/2025\/10\/01\/policia-militar-registra-infracao-de-transito-e-extravio-de-celular-em-rio-azul\/","title":{"rendered":"Pol\u00edcia Militar registra infra\u00e7\u00e3o de tr\u00e2nsito e extravio de celular em Rio Azul"},"content":{"rendered":"\n<figure class=\"wp-block-image size-full\"><img loading=\"lazy\" decoding=\"async\" width=\"897\" height=\"204\" src=\"https:\/\/radiostudiow.com.br\/site\/wp-content\/uploads\/2025\/06\/BARROS.png\" alt=\"\" class=\"wp-image-39575\" srcset=\"https:\/\/radiostudiow.com.br\/site\/wp-content\/uploads\/2025\/06\/BARROS.png 897w, https:\/\/radiostudiow.com.br\/site\/wp-content\/uploads\/2025\/06\/BARROS-300x68.png 300w, https:\/\/radiostudiow.com.br\/site\/wp-content\/uploads\/2025\/06\/BARROS-768x175.png 768w\" sizes=\"auto, (max-width: 897px) 100vw, 897px\" \/><\/figure>\n\n\n\n<p>Nesta ter\u00e7a-feira (30), a Pol\u00edcia Militar de Rio Azul registrou duas ocorr\u00eancias distintas no munic\u00edpio, envolvendo uma infra\u00e7\u00e3o de tr\u00e2nsito e o extravio de um objeto pessoal.<\/p>\n\n\n\n<p>Por volta das 11h11, durante patrulhamento no bairro Vila Diva, a equipe policial abordou uma motocicleta Honda NRX125 BROS KS. Ao realizar a verifica\u00e7\u00e3o, foi constatado que o condutor n\u00e3o possu\u00eda Carteira Nacional de Habilita\u00e7\u00e3o (CNH). Diante da situa\u00e7\u00e3o, foram lavradas as notifica\u00e7\u00f5es cab\u00edveis e o ve\u00edculo recolhido ao p\u00e1tio do Destacamento da Pol\u00edcia Militar (DPM).<\/p>\n\n\n\n<figure class=\"wp-block-image size-full\"><img loading=\"lazy\" decoding=\"async\" width=\"598\" height=\"204\" src=\"https:\/\/radiostudiow.com.br\/site\/wp-content\/uploads\/2025\/05\/POLAK.png\" alt=\"\" class=\"wp-image-37847\" srcset=\"https:\/\/radiostudiow.com.br\/site\/wp-content\/uploads\/2025\/05\/POLAK.png 598w, https:\/\/radiostudiow.com.br\/site\/wp-content\/uploads\/2025\/05\/POLAK-300x102.png 300w\" sizes=\"auto, (max-width: 598px) 100vw, 598px\" \/><\/figure>\n\n\n\n<p>Mais tarde, por volta das 12h30, um morador compareceu ao DPM relatando o extravio de seu celular. Segundo ele, o aparelho, modelo Poco X6, teria ca\u00eddo do bolso na \u00faltima quinta-feira, enquanto conduzia sua motocicleta em uma estrada rural pr\u00f3xima \u00e0 sua resid\u00eancia. Ao perceber a perda, o homem retornou ao local, mas n\u00e3o conseguiu localizar o telefone. O caso foi registrado em boletim para formalizar a ocorr\u00eancia.<\/p>\n\n\n\n<p>As duas situa\u00e7\u00f5es ficaram documentadas pela Pol\u00edcia Militar de Rio Azul.<\/p>\n\n\n\n<p class=\"has-text-align-center\"><em>Informa\u00e7\u00f5es: 8\u00aa CIA da PMPR-2\u00ba Pelot\u00e3o\/Rep\u00f3rter Kiko de Oliveira<\/em><\/p>\n","protected":false},"excerpt":{"rendered":"<p>Nesta ter\u00e7a-feira (30), a Pol\u00edcia Militar de Rio Azul registrou duas ocorr\u00eancias distintas no munic\u00edpio, envolvendo uma infra\u00e7\u00e3o de tr\u00e2nsito e o extravio de um objeto pessoal. Por volta das 11h11, durante patrulhamento no bairro Vila Diva, a equipe policial abordou uma motocicleta Honda NRX125 BROS KS. Ao realizar a verifica\u00e7\u00e3o, foi constatado que o [&hellip;]<\/p>\n","protected":false},"author":2,"featured_media":35305,"comment_status":"open","ping_status":"open","sticky":false,"template":"","format":"standard","meta":{"footnotes":""},"categories":[2],"tags":[172],"class_list":["post-43099","post","type-post","status-publish","format-standard","has-post-thumbnail","hentry","category-policial","tag-featured"],"amp_enabled":true,"_links":{"self":[{"href":"https:\/\/radiostudiow.com.br\/site\/wp-json\/wp\/v2\/posts\/43099","targetHints":{"allow":["GET"]}}],"collection":[{"href":"https:\/\/radiostudiow.com.br\/site\/wp-json\/wp\/v2\/posts"}],"about":[{"href":"https:\/\/radiostudiow.com.br\/site\/wp-json\/wp\/v2\/types\/post"}],"author":[{"embeddable":true,"href":"https:\/\/radiostudiow.com.br\/site\/wp-json\/wp\/v2\/users\/2"}],"replies":[{"embeddable":true,"href":"https:\/\/radiostudiow.com.br\/site\/wp-json\/wp\/v2\/comments?post=43099"}],"version-history":[{"count":1,"href":"https:\/\/radiostudiow.com.br\/site\/wp-json\/wp\/v2\/posts\/43099\/revisions"}],"predecessor-version":[{"id":43100,"href":"https:\/\/radiostudiow.com.br\/site\/wp-json\/wp\/v2\/posts\/43099\/revisions\/43100"}],"wp:featuredmedia":[{"embeddable":true,"href":"https:\/\/radiostudiow.com.br\/site\/wp-json\/wp\/v2\/media\/35305"}],"wp:attachment":[{"href":"https:\/\/radiostudiow.com.br\/site\/wp-json\/wp\/v2\/media?parent=43099"}],"wp:term":[{"taxonomy":"category","embeddable":true,"href":"https:\/\/radiostudiow.com.br\/site\/wp-json\/wp\/v2\/categories?post=43099"},{"taxonomy":"post_tag","embeddable":true,"href":"https:\/\/radiostudiow.com.br\/site\/wp-json\/wp\/v2\/tags?post=43099"}],"curies":[{"name":"wp","href":"https:\/\/api.w.org\/{rel}","templated":true}]}}