{"id":43109,"date":"2025-10-02T11:33:23","date_gmt":"2025-10-02T14:33:23","guid":{"rendered":"https:\/\/radiostudiow.com.br\/site\/?p=43109"},"modified":"2025-10-02T11:37:16","modified_gmt":"2025-10-02T14:37:16","slug":"policia-militar-cumpre-mandado-de-prisao-por-homicidio-bituruna","status":"publish","type":"post","link":"https:\/\/radiostudiow.com.br\/site\/2025\/10\/02\/policia-militar-cumpre-mandado-de-prisao-por-homicidio-bituruna\/","title":{"rendered":"Pol\u00edcia Militar cumpre mandado de pris\u00e3o por homic\u00eddio Bituruna"},"content":{"rendered":"\n<figure class=\"wp-block-image size-full\"><img loading=\"lazy\" decoding=\"async\" width=\"897\" height=\"204\" src=\"https:\/\/radiostudiow.com.br\/site\/wp-content\/uploads\/2024\/01\/SITE-GRANDE3.png\" alt=\"zaions\" class=\"wp-image-18936\" srcset=\"https:\/\/radiostudiow.com.br\/site\/wp-content\/uploads\/2024\/01\/SITE-GRANDE3.png 897w, https:\/\/radiostudiow.com.br\/site\/wp-content\/uploads\/2024\/01\/SITE-GRANDE3-300x68.png 300w, https:\/\/radiostudiow.com.br\/site\/wp-content\/uploads\/2024\/01\/SITE-GRANDE3-768x175.png 768w\" sizes=\"auto, (max-width: 897px) 100vw, 897px\" \/><\/figure>\n\n\n\n<p><br>Durante patrulhamento da Pol\u00edcia Militar de Bituruna no bairro S\u00e3o Jo\u00e3o, abordou um indiv\u00edduo com mandado de pris\u00e3o ativo por homic\u00eddio por volta das 19h50min dessa quarta-feira (01\u00b0).<\/p>\n\n\n\n<p>O homem foi localizado em via publica. Nenhum material il\u00edcito foi encontrado em revista pessoal.<\/p>\n\n\n\n<p>Conduzido ao Pelot\u00e3o da PM local para os procedimentos legais e em seguida, foi encaminhado ao DEPEN de Uni\u00e3o da Vit\u00f3ria.<\/p>\n\n\n\n<figure class=\"wp-block-image size-full\"><img loading=\"lazy\" decoding=\"async\" width=\"598\" height=\"204\" src=\"https:\/\/radiostudiow.com.br\/site\/wp-content\/uploads\/2024\/10\/labirati.png\" alt=\"\" class=\"wp-image-28854\" srcset=\"https:\/\/radiostudiow.com.br\/site\/wp-content\/uploads\/2024\/10\/labirati.png 598w, https:\/\/radiostudiow.com.br\/site\/wp-content\/uploads\/2024\/10\/labirati-300x102.png 300w\" sizes=\"auto, (max-width: 598px) 100vw, 598px\" \/><\/figure>\n","protected":false},"excerpt":{"rendered":"<p>Durante patrulhamento da Pol\u00edcia Militar de Bituruna no bairro S\u00e3o Jo\u00e3o, abordou um indiv\u00edduo com mandado de pris\u00e3o ativo por homic\u00eddio por volta das 19h50min dessa quarta-feira (01\u00b0). O homem foi localizado em via publica. Nenhum material il\u00edcito foi encontrado em revista pessoal. Conduzido ao Pelot\u00e3o da PM local para os procedimentos legais e em [&hellip;]<\/p>\n","protected":false},"author":2,"featured_media":33899,"comment_status":"open","ping_status":"open","sticky":false,"template":"","format":"standard","meta":{"footnotes":""},"categories":[2],"tags":[172],"class_list":["post-43109","post","type-post","status-publish","format-standard","has-post-thumbnail","hentry","category-policial","tag-featured"],"amp_enabled":true,"_links":{"self":[{"href":"https:\/\/radiostudiow.com.br\/site\/wp-json\/wp\/v2\/posts\/43109","targetHints":{"allow":["GET"]}}],"collection":[{"href":"https:\/\/radiostudiow.com.br\/site\/wp-json\/wp\/v2\/posts"}],"about":[{"href":"https:\/\/radiostudiow.com.br\/site\/wp-json\/wp\/v2\/types\/post"}],"author":[{"embeddable":true,"href":"https:\/\/radiostudiow.com.br\/site\/wp-json\/wp\/v2\/users\/2"}],"replies":[{"embeddable":true,"href":"https:\/\/radiostudiow.com.br\/site\/wp-json\/wp\/v2\/comments?post=43109"}],"version-history":[{"count":3,"href":"https:\/\/radiostudiow.com.br\/site\/wp-json\/wp\/v2\/posts\/43109\/revisions"}],"predecessor-version":[{"id":43117,"href":"https:\/\/radiostudiow.com.br\/site\/wp-json\/wp\/v2\/posts\/43109\/revisions\/43117"}],"wp:featuredmedia":[{"embeddable":true,"href":"https:\/\/radiostudiow.com.br\/site\/wp-json\/wp\/v2\/media\/33899"}],"wp:attachment":[{"href":"https:\/\/radiostudiow.com.br\/site\/wp-json\/wp\/v2\/media?parent=43109"}],"wp:term":[{"taxonomy":"category","embeddable":true,"href":"https:\/\/radiostudiow.com.br\/site\/wp-json\/wp\/v2\/categories?post=43109"},{"taxonomy":"post_tag","embeddable":true,"href":"https:\/\/radiostudiow.com.br\/site\/wp-json\/wp\/v2\/tags?post=43109"}],"curies":[{"name":"wp","href":"https:\/\/api.w.org\/{rel}","templated":true}]}}