{"id":43111,"date":"2025-10-02T11:29:32","date_gmt":"2025-10-02T14:29:32","guid":{"rendered":"https:\/\/radiostudiow.com.br\/site\/?p=43111"},"modified":"2025-10-02T11:29:32","modified_gmt":"2025-10-02T14:29:32","slug":"quadrilha-envolvida-em-roubos-em-sc-e-capturada-em-uniao-da-vitoria","status":"publish","type":"post","link":"https:\/\/radiostudiow.com.br\/site\/2025\/10\/02\/quadrilha-envolvida-em-roubos-em-sc-e-capturada-em-uniao-da-vitoria\/","title":{"rendered":"Quadrilha envolvida em roubos em SC \u00e9 capturada em Uni\u00e3o da Vit\u00f3ria"},"content":{"rendered":"\n<figure class=\"wp-block-image size-full\"><img loading=\"lazy\" decoding=\"async\" width=\"897\" height=\"204\" src=\"https:\/\/radiostudiow.com.br\/site\/wp-content\/uploads\/2025\/05\/NUTRI-MALLET.png\" alt=\"\" class=\"wp-image-37813\" srcset=\"https:\/\/radiostudiow.com.br\/site\/wp-content\/uploads\/2025\/05\/NUTRI-MALLET.png 897w, https:\/\/radiostudiow.com.br\/site\/wp-content\/uploads\/2025\/05\/NUTRI-MALLET-300x68.png 300w, https:\/\/radiostudiow.com.br\/site\/wp-content\/uploads\/2025\/05\/NUTRI-MALLET-768x175.png 768w\" sizes=\"auto, (max-width: 897px) 100vw, 897px\" \/><\/figure>\n\n\n\n<p class=\"has-text-align-center\"><em>da Reda\u00e7\u00e3o Portal V.Vale com informa\u00e7\u00f5es do Canal 4 e Portal Oeste Mais<\/em><\/p>\n\n\n\n<p>A Pol\u00edcia Militar de Uni\u00e3o da Vit\u00f3ria desarticulou um grupo criminoso envolvido em v\u00e1rios roubos no Oeste de Santa Catarina. A a\u00e7\u00e3o aconteceu na tarde de quarta-feira, 01 de outubro, no bairro S\u00e3o Sebasti\u00e3o, e resultou na morte de um homem de 35 anos e na pris\u00e3o de outros integrantes.<\/p>\n\n\n\n<h4 class=\"wp-block-heading\">O confronto<\/h4>\n\n\n\n<p>Durante a abordagem a uma caminhonete\u00a0S10 prata, roubada em Abelardo Luz no dia 26 de setembro, o suspeito identificado pelas iniciais\u00a0J.D.N., natural de Ipua\u00e7u (SC) e foragido da Justi\u00e7a, apontou um rev\u00f3lver contra os policiais.<\/p>\n\n\n\n<p>Ele foi baleado e morreu no local. O Corpo de Bombeiros e o SAMU chegaram a ser acionados, mas apenas confirmaram o \u00f3bito. O corpo foi recolhido pelo IML.<\/p>\n\n\n\n<p>Segundo a PM, o homem tinha\u00a0diversas passagens criminais, incluindo assaltos, furtos, recepta\u00e7\u00e3o e adultera\u00e7\u00e3o de ve\u00edculos.<\/p>\n\n\n\n<figure class=\"wp-block-image\" id=\"attachment_584755\"><a href=\"https:\/\/www.vvale.com.br\/seguranca\/quadrilha-envolvida-em-roubos-em-sc-e-capturada-em-uniao-da-vitoria\/attachment\/policia-criminoso-morre-em-confronto-no-parana-e-pm-recupera-caminhonete-roubada-em-abelardo-luz-1-881\/\"><img decoding=\"async\" src=\"https:\/\/static5.vvale.com.br\/wp-content\/uploads\/2025\/10\/policia-criminoso-morre-em-confronto-no-parana-e-pm-recupera-caminhonete-roubada-em-abelardo-luz-1-881-720x598.jpg\" alt=\"\" class=\"wp-image-584755\"\/><\/a><figcaption class=\"wp-element-caption\"><em>(Foto: Pol\u00edcia Militar)<\/em><\/figcaption><\/figure>\n\n\n\n<figure class=\"wp-block-image size-full\"><img loading=\"lazy\" decoding=\"async\" width=\"598\" height=\"204\" src=\"https:\/\/radiostudiow.com.br\/site\/wp-content\/uploads\/2024\/01\/SITE-MEDIO.png\" alt=\"\" class=\"wp-image-18916\" srcset=\"https:\/\/radiostudiow.com.br\/site\/wp-content\/uploads\/2024\/01\/SITE-MEDIO.png 598w, https:\/\/radiostudiow.com.br\/site\/wp-content\/uploads\/2024\/01\/SITE-MEDIO-300x102.png 300w\" sizes=\"auto, (max-width: 598px) 100vw, 598px\" \/><\/figure>\n\n\n\n<h4 class=\"wp-block-heading\">Hist\u00f3rico de crimes<\/h4>\n\n\n\n<p>As investiga\u00e7\u00f5es apontam que o grupo estava envolvido em um\u00a0roubo em Abelardo Luz, em 26 de setembro. Na ocasi\u00e3o, criminosos invadiram uma casa no assentamento Olho D\u2019\u00c1gua, agrediram o morador com golpes de faca e o obrigaram a realizar transfer\u00eancias via Pix.<\/p>\n\n\n\n<figure class=\"wp-block-image\" id=\"attachment_584756\"><a href=\"https:\/\/www.vvale.com.br\/seguranca\/quadrilha-envolvida-em-roubos-em-sc-e-capturada-em-uniao-da-vitoria\/attachment\/policia-morador-e-agredido-e-tem-veiculo-roubado-em-assalto-no-interior-de-abelardo-luz-3-145\/\"><img decoding=\"async\" src=\"https:\/\/static5.vvale.com.br\/wp-content\/uploads\/2025\/10\/policia-morador-e-agredido-e-tem-veiculo-roubado-em-assalto-no-interior-de-abelardo-luz-3-145-450x600.jpg\" alt=\"\" class=\"wp-image-584756\"\/><\/a><figcaption class=\"wp-element-caption\"><em>Portal Oeste Mais<\/em><\/figcaption><\/figure>\n\n\n\n<p>Eles roubaram a caminhonete da v\u00edtima, que ainda foi levada como ref\u00e9m e libertada horas depois, em Passos Maia, com v\u00e1rios ferimentos.<\/p>\n\n\n\n<p>O bando tamb\u00e9m era monitorado desde 23 de setembro, quando foram registrados roubos de caminhonetes em Vargem Bonita. Os ve\u00edculos haviam sido abandonados em Passos Maia e Ipua\u00e7u.<\/p>\n\n\n\n<figure class=\"wp-block-image\" id=\"attachment_584757\"><a href=\"https:\/\/www.vvale.com.br\/seguranca\/quadrilha-envolvida-em-roubos-em-sc-e-capturada-em-uniao-da-vitoria\/attachment\/policia-morador-e-agredido-e-tem-veiculo-roubado-em-assalto-no-interior-de-abelardo-luz-2-145\/\"><img decoding=\"async\" src=\"https:\/\/static5.vvale.com.br\/wp-content\/uploads\/2025\/10\/policia-morador-e-agredido-e-tem-veiculo-roubado-em-assalto-no-interior-de-abelardo-luz-2-145-720x540.jpg\" alt=\"\" class=\"wp-image-584757\"\/><\/a><figcaption class=\"wp-element-caption\"><em>Foto: Portal Oeste Mais<\/em><\/figcaption><\/figure>\n\n\n\n<h4 class=\"wp-block-heading\">Pris\u00f5es e apreens\u00f5es<\/h4>\n\n\n\n<p>Na casa onde a caminhonete estava estacionada, a PM localizou outros integrantes do grupo:<\/p>\n\n\n\n<ul class=\"wp-block-list\">\n<li>Jovem de 22 anos, com endere\u00e7os em \u00c1guas de Chapec\u00f3 e Barra Velha, foragido da Justi\u00e7a;<\/li>\n\n\n\n<li>Jovem de 21 anos, natural de Abelardo Luz, tamb\u00e9m foragido;<\/li>\n\n\n\n<li>Morador de Vargem Bonita, maior de idade;<\/li>\n\n\n\n<li>Outro homem adulto;<\/li>\n\n\n\n<li>Um adolescente de 14 anos, filho do suspeito morto no confronto.<\/li>\n<\/ul>\n\n\n\n<p>Os detidos v\u00e3o responder por\u00a0associa\u00e7\u00e3o criminosa, posse ilegal de armas e muni\u00e7\u00f5es, corrup\u00e7\u00e3o de menor, recepta\u00e7\u00e3o e resist\u00eancia \u00e0 pris\u00e3o, al\u00e9m de serem investigados pelos assaltos em Abelardo Luz e Vargem Bonita.<\/p>\n\n\n\n<figure class=\"wp-block-gallery has-nested-images columns-default is-cropped wp-block-gallery-1 is-layout-flex wp-block-gallery-is-layout-flex\">\n<figure class=\"wp-block-image size-large\"><img loading=\"lazy\" decoding=\"async\" width=\"1024\" height=\"614\" data-id=\"38784\" src=\"https:\/\/radiostudiow.com.br\/site\/wp-content\/uploads\/2025\/05\/5914fcac-c2b4-4795-a120-dc162c4a6466-1024x614.jpg\" alt=\"\" class=\"wp-image-38784\" srcset=\"https:\/\/radiostudiow.com.br\/site\/wp-content\/uploads\/2025\/05\/5914fcac-c2b4-4795-a120-dc162c4a6466-1024x614.jpg 1024w, https:\/\/radiostudiow.com.br\/site\/wp-content\/uploads\/2025\/05\/5914fcac-c2b4-4795-a120-dc162c4a6466-300x180.jpg 300w, https:\/\/radiostudiow.com.br\/site\/wp-content\/uploads\/2025\/05\/5914fcac-c2b4-4795-a120-dc162c4a6466-768x460.jpg 768w, https:\/\/radiostudiow.com.br\/site\/wp-content\/uploads\/2025\/05\/5914fcac-c2b4-4795-a120-dc162c4a6466-1536x921.jpg 1536w, https:\/\/radiostudiow.com.br\/site\/wp-content\/uploads\/2025\/05\/5914fcac-c2b4-4795-a120-dc162c4a6466-1000x600.jpg 1000w, https:\/\/radiostudiow.com.br\/site\/wp-content\/uploads\/2025\/05\/5914fcac-c2b4-4795-a120-dc162c4a6466-590x354.jpg 590w, https:\/\/radiostudiow.com.br\/site\/wp-content\/uploads\/2025\/05\/5914fcac-c2b4-4795-a120-dc162c4a6466-400x240.jpg 400w, https:\/\/radiostudiow.com.br\/site\/wp-content\/uploads\/2025\/05\/5914fcac-c2b4-4795-a120-dc162c4a6466.jpg 1600w\" sizes=\"auto, (max-width: 1024px) 100vw, 1024px\" \/><\/figure>\n\n\n\n<figure class=\"wp-block-image size-large\"><img loading=\"lazy\" decoding=\"async\" width=\"300\" height=\"180\" data-id=\"41962\" src=\"https:\/\/radiostudiow.com.br\/site\/wp-content\/uploads\/2025\/08\/LILO.png\" alt=\"\" class=\"wp-image-41962\"\/><\/figure>\n<\/figure>\n\n\n\n<p><strong>Na resid\u00eancia foram apreendidos:<\/strong><\/p>\n\n\n\n<ul class=\"wp-block-list\">\n<li>Um rev\u00f3lver calibre .38,<\/li>\n\n\n\n<li>Uma espingarda calibre .36,<\/li>\n\n\n\n<li>Uma carabina de press\u00e3o 5.5,<\/li>\n\n\n\n<li>Muni\u00e7\u00f5es, celulares e balaclavas.<\/li>\n<\/ul>\n\n\n\n<p>A caminhonete foi recuperada e outros dois ve\u00edculos acabaram apreendidos.<\/p>\n","protected":false},"excerpt":{"rendered":"<p>da Reda\u00e7\u00e3o Portal V.Vale com informa\u00e7\u00f5es do Canal 4 e Portal Oeste Mais A Pol\u00edcia Militar de Uni\u00e3o da Vit\u00f3ria desarticulou um grupo criminoso envolvido em v\u00e1rios roubos no Oeste de Santa Catarina. A a\u00e7\u00e3o aconteceu na tarde de quarta-feira, 01 de outubro, no bairro S\u00e3o Sebasti\u00e3o, e resultou na morte de um homem de [&hellip;]<\/p>\n","protected":false},"author":2,"featured_media":43112,"comment_status":"open","ping_status":"open","sticky":false,"template":"","format":"standard","meta":{"footnotes":""},"categories":[2],"tags":[172],"class_list":["post-43111","post","type-post","status-publish","format-standard","has-post-thumbnail","hentry","category-policial","tag-featured"],"amp_enabled":true,"_links":{"self":[{"href":"https:\/\/radiostudiow.com.br\/site\/wp-json\/wp\/v2\/posts\/43111","targetHints":{"allow":["GET"]}}],"collection":[{"href":"https:\/\/radiostudiow.com.br\/site\/wp-json\/wp\/v2\/posts"}],"about":[{"href":"https:\/\/radiostudiow.com.br\/site\/wp-json\/wp\/v2\/types\/post"}],"author":[{"embeddable":true,"href":"https:\/\/radiostudiow.com.br\/site\/wp-json\/wp\/v2\/users\/2"}],"replies":[{"embeddable":true,"href":"https:\/\/radiostudiow.com.br\/site\/wp-json\/wp\/v2\/comments?post=43111"}],"version-history":[{"count":1,"href":"https:\/\/radiostudiow.com.br\/site\/wp-json\/wp\/v2\/posts\/43111\/revisions"}],"predecessor-version":[{"id":43113,"href":"https:\/\/radiostudiow.com.br\/site\/wp-json\/wp\/v2\/posts\/43111\/revisions\/43113"}],"wp:featuredmedia":[{"embeddable":true,"href":"https:\/\/radiostudiow.com.br\/site\/wp-json\/wp\/v2\/media\/43112"}],"wp:attachment":[{"href":"https:\/\/radiostudiow.com.br\/site\/wp-json\/wp\/v2\/media?parent=43111"}],"wp:term":[{"taxonomy":"category","embeddable":true,"href":"https:\/\/radiostudiow.com.br\/site\/wp-json\/wp\/v2\/categories?post=43111"},{"taxonomy":"post_tag","embeddable":true,"href":"https:\/\/radiostudiow.com.br\/site\/wp-json\/wp\/v2\/tags?post=43111"}],"curies":[{"name":"wp","href":"https:\/\/api.w.org\/{rel}","templated":true}]}}