{"id":4312,"date":"2021-11-04T14:47:43","date_gmt":"2021-11-04T17:47:43","guid":{"rendered":"https:\/\/radiostudiow.com.br\/site\/?p=4312"},"modified":"2025-01-31T15:12:23","modified_gmt":"2025-01-31T18:12:23","slug":"gestante-de-20-anos-tenta-suicidio-na-br-153-e-mobiliza-samu-e-pm-de-general-carneiro","status":"publish","type":"post","link":"https:\/\/radiostudiow.com.br\/site\/2021\/11\/04\/gestante-de-20-anos-tenta-suicidio-na-br-153-e-mobiliza-samu-e-pm-de-general-carneiro\/","title":{"rendered":"Gestante de 20 anos, tenta suic\u00eddio na BR-153 e mobiliza SAMU e PM de General Carneiro"},"content":{"rendered":"\n<p>Uma gestante de 20 anos de idade, moradora de General Carneiro, tentou tirar a pr\u00f3pria vida nessa ter\u00e7a-feira, 02 de novembro, mobilizando a equipe do SAMU e da Pol\u00edcia Militar.<\/p>\n\n\n\n<p>De acordo com informa\u00e7\u00f5es, depois de ter um desentendimento com seu esposo, a jovem foi at\u00e9 a rodovia BR-153, no per\u00edmetro urbano e, conforme motoristas, sentou-se no meio da pista. Na chegada do resgate, a jovem j\u00e1 havia sido colocada no acostamento por um motorista que passava no local.<\/p>\n\n\n\n<p>Em contato com a v\u00edtima, a equipe de resgate constatou que essa j\u00e1 seria a segunda vez que a jovem tenta suic\u00eddio. Ela se recusou entrar na viatura para encaminhamento ao Pronto Atendimento e s\u00f3 fez isso ap\u00f3s a chegada da Pol\u00edcia Militar.<\/p>\n\n\n\n<figure class=\"wp-block-image size-large\"><img decoding=\"async\" src=\"https:\/\/radiostudiow.com.br\/site\/wp-content\/uploads\/2021\/11\/240387432_2992083691066122_4820772207429196742_n-1024x393.jpg\" alt=\"\" class=\"wp-image-4314\"\/><\/figure>\n","protected":false},"excerpt":{"rendered":"<p>Uma gestante de 20 anos de idade, moradora de General Carneiro, tentou tirar a pr\u00f3pria vida nessa ter\u00e7a-feira, 02 de novembro, mobilizando a equipe do SAMU e da Pol\u00edcia Militar. De acordo com informa\u00e7\u00f5es, depois de ter um desentendimento com seu esposo, a jovem foi at\u00e9 a rodovia BR-153, no per\u00edmetro urbano e, conforme motoristas, [&hellip;]<\/p>\n","protected":false},"author":2,"featured_media":4313,"comment_status":"open","ping_status":"open","sticky":false,"template":"","format":"standard","meta":{"footnotes":""},"categories":[185],"tags":[172],"class_list":["post-4312","post","type-post","status-publish","format-standard","has-post-thumbnail","hentry","category-regional","tag-featured"],"amp_enabled":true,"_links":{"self":[{"href":"https:\/\/radiostudiow.com.br\/site\/wp-json\/wp\/v2\/posts\/4312","targetHints":{"allow":["GET"]}}],"collection":[{"href":"https:\/\/radiostudiow.com.br\/site\/wp-json\/wp\/v2\/posts"}],"about":[{"href":"https:\/\/radiostudiow.com.br\/site\/wp-json\/wp\/v2\/types\/post"}],"author":[{"embeddable":true,"href":"https:\/\/radiostudiow.com.br\/site\/wp-json\/wp\/v2\/users\/2"}],"replies":[{"embeddable":true,"href":"https:\/\/radiostudiow.com.br\/site\/wp-json\/wp\/v2\/comments?post=4312"}],"version-history":[{"count":1,"href":"https:\/\/radiostudiow.com.br\/site\/wp-json\/wp\/v2\/posts\/4312\/revisions"}],"predecessor-version":[{"id":4315,"href":"https:\/\/radiostudiow.com.br\/site\/wp-json\/wp\/v2\/posts\/4312\/revisions\/4315"}],"wp:featuredmedia":[{"embeddable":true,"href":"https:\/\/radiostudiow.com.br\/site\/wp-json\/wp\/v2\/media\/4313"}],"wp:attachment":[{"href":"https:\/\/radiostudiow.com.br\/site\/wp-json\/wp\/v2\/media?parent=4312"}],"wp:term":[{"taxonomy":"category","embeddable":true,"href":"https:\/\/radiostudiow.com.br\/site\/wp-json\/wp\/v2\/categories?post=4312"},{"taxonomy":"post_tag","embeddable":true,"href":"https:\/\/radiostudiow.com.br\/site\/wp-json\/wp\/v2\/tags?post=4312"}],"curies":[{"name":"wp","href":"https:\/\/api.w.org\/{rel}","templated":true}]}}