{"id":43129,"date":"2025-10-02T18:30:24","date_gmt":"2025-10-02T21:30:24","guid":{"rendered":"https:\/\/radiostudiow.com.br\/site\/?p=43129"},"modified":"2025-10-02T18:30:24","modified_gmt":"2025-10-02T21:30:24","slug":"identificado-homem-morto-em-confronto-com-a-pm-em-uniao-da-vitoria","status":"publish","type":"post","link":"https:\/\/radiostudiow.com.br\/site\/2025\/10\/02\/identificado-homem-morto-em-confronto-com-a-pm-em-uniao-da-vitoria\/","title":{"rendered":"Identificado homem morto em confronto com a PM em Uni\u00e3o da Vit\u00f3ria"},"content":{"rendered":"\n<figure class=\"wp-block-image size-full\"><img loading=\"lazy\" decoding=\"async\" width=\"598\" height=\"204\" src=\"https:\/\/radiostudiow.com.br\/site\/wp-content\/uploads\/2025\/04\/BOROX.png\" alt=\"\" class=\"wp-image-37229\" srcset=\"https:\/\/radiostudiow.com.br\/site\/wp-content\/uploads\/2025\/04\/BOROX.png 598w, https:\/\/radiostudiow.com.br\/site\/wp-content\/uploads\/2025\/04\/BOROX-300x102.png 300w\" sizes=\"auto, (max-width: 598px) 100vw, 598px\" \/><\/figure>\n\n\n\n<p>Identificado como J\u00fanior Dias Neres, de 35 anos, natural de Ipua\u00e7u (SC) o homem que morreu em confronto com policiais militares de Uni\u00e3o da Vit\u00f3ria durante uma abordagem na tarde desta quarta-feira (01\u00b0).<\/p>\n\n\n\n<p>De acordo com informa\u00e7\u00f5es, J\u00fanior estava\u00a0foragido do pres\u00eddio de Xanxer\u00ea desde 2018, onde cumpria pena por roubo.\u00a0Na ocasi\u00e3o, seis detentos conseguiram fugir e apenas um havia sido recapturado.<\/p>\n\n\n\n<p>Desde ent\u00e3o, J\u00fanior permaneceu em liberdade at\u00e9 ser localizado pelo\u00a0servi\u00e7o de intelig\u00eancia da Pol\u00edcia Militar de Uni\u00e3o da Vit\u00f3ria. Segundo a pol\u00edcia, durante a tentativa de abordagem houve rea\u00e7\u00e3o e confronto, que terminou com a morte do foragido.<\/p>\n\n\n\n<p>Os familiares est\u00e3o providenciando a libera\u00e7\u00e3o do corpo para o translado at\u00e9 sua cidade de origem, em Santa Catarina.<\/p>\n\n\n\n<p class=\"has-text-align-center\"><em>\u00a0Informa\u00e7\u00f5es Portal V.Vale \/ Portal Clic Sul News.<\/em><\/p>\n\n\n\n<figure class=\"wp-block-image size-full\"><img loading=\"lazy\" decoding=\"async\" width=\"1024\" height=\"591\" src=\"https:\/\/radiostudiow.com.br\/site\/wp-content\/uploads\/2025\/09\/CASA-DO-CRIADOR.png\" alt=\"\" class=\"wp-image-42859\" srcset=\"https:\/\/radiostudiow.com.br\/site\/wp-content\/uploads\/2025\/09\/CASA-DO-CRIADOR.png 1024w, https:\/\/radiostudiow.com.br\/site\/wp-content\/uploads\/2025\/09\/CASA-DO-CRIADOR-300x173.png 300w, https:\/\/radiostudiow.com.br\/site\/wp-content\/uploads\/2025\/09\/CASA-DO-CRIADOR-768x443.png 768w\" sizes=\"auto, (max-width: 1024px) 100vw, 1024px\" \/><\/figure>\n\n\n\n<p><\/p>\n","protected":false},"excerpt":{"rendered":"<p>Identificado como J\u00fanior Dias Neres, de 35 anos, natural de Ipua\u00e7u (SC) o homem que morreu em confronto com policiais militares de Uni\u00e3o da Vit\u00f3ria durante uma abordagem na tarde desta quarta-feira (01\u00b0). De acordo com informa\u00e7\u00f5es, J\u00fanior estava\u00a0foragido do pres\u00eddio de Xanxer\u00ea desde 2018, onde cumpria pena por roubo.\u00a0Na ocasi\u00e3o, seis detentos conseguiram fugir [&hellip;]<\/p>\n","protected":false},"author":2,"featured_media":43131,"comment_status":"open","ping_status":"open","sticky":false,"template":"","format":"standard","meta":{"footnotes":""},"categories":[2],"tags":[172],"class_list":["post-43129","post","type-post","status-publish","format-standard","has-post-thumbnail","hentry","category-policial","tag-featured"],"amp_enabled":true,"_links":{"self":[{"href":"https:\/\/radiostudiow.com.br\/site\/wp-json\/wp\/v2\/posts\/43129","targetHints":{"allow":["GET"]}}],"collection":[{"href":"https:\/\/radiostudiow.com.br\/site\/wp-json\/wp\/v2\/posts"}],"about":[{"href":"https:\/\/radiostudiow.com.br\/site\/wp-json\/wp\/v2\/types\/post"}],"author":[{"embeddable":true,"href":"https:\/\/radiostudiow.com.br\/site\/wp-json\/wp\/v2\/users\/2"}],"replies":[{"embeddable":true,"href":"https:\/\/radiostudiow.com.br\/site\/wp-json\/wp\/v2\/comments?post=43129"}],"version-history":[{"count":2,"href":"https:\/\/radiostudiow.com.br\/site\/wp-json\/wp\/v2\/posts\/43129\/revisions"}],"predecessor-version":[{"id":43133,"href":"https:\/\/radiostudiow.com.br\/site\/wp-json\/wp\/v2\/posts\/43129\/revisions\/43133"}],"wp:featuredmedia":[{"embeddable":true,"href":"https:\/\/radiostudiow.com.br\/site\/wp-json\/wp\/v2\/media\/43131"}],"wp:attachment":[{"href":"https:\/\/radiostudiow.com.br\/site\/wp-json\/wp\/v2\/media?parent=43129"}],"wp:term":[{"taxonomy":"category","embeddable":true,"href":"https:\/\/radiostudiow.com.br\/site\/wp-json\/wp\/v2\/categories?post=43129"},{"taxonomy":"post_tag","embeddable":true,"href":"https:\/\/radiostudiow.com.br\/site\/wp-json\/wp\/v2\/tags?post=43129"}],"curies":[{"name":"wp","href":"https:\/\/api.w.org\/{rel}","templated":true}]}}