{"id":43138,"date":"2025-10-02T20:59:44","date_gmt":"2025-10-02T23:59:44","guid":{"rendered":"https:\/\/radiostudiow.com.br\/site\/?p=43138"},"modified":"2025-10-02T20:59:45","modified_gmt":"2025-10-02T23:59:45","slug":"mulher-e-filhos-recebem-apoio-da-policia-militar-de-mallet-para-deixar-residencia-apos-ameacas-do-ex-companheiro","status":"publish","type":"post","link":"https:\/\/radiostudiow.com.br\/site\/2025\/10\/02\/mulher-e-filhos-recebem-apoio-da-policia-militar-de-mallet-para-deixar-residencia-apos-ameacas-do-ex-companheiro\/","title":{"rendered":"Mulher e filhos recebem apoio da Pol\u00edcia Militar de Mallet para deixar resid\u00eancia ap\u00f3s amea\u00e7as do ex-companheiro"},"content":{"rendered":"\n<figure class=\"wp-block-image size-full\"><img loading=\"lazy\" decoding=\"async\" width=\"897\" height=\"204\" src=\"https:\/\/radiostudiow.com.br\/site\/wp-content\/uploads\/2025\/03\/image-62.png\" alt=\"\" class=\"wp-image-35859\" srcset=\"https:\/\/radiostudiow.com.br\/site\/wp-content\/uploads\/2025\/03\/image-62.png 897w, https:\/\/radiostudiow.com.br\/site\/wp-content\/uploads\/2025\/03\/image-62-300x68.png 300w, https:\/\/radiostudiow.com.br\/site\/wp-content\/uploads\/2025\/03\/image-62-768x175.png 768w\" sizes=\"auto, (max-width: 897px) 100vw, 897px\" \/><\/figure>\n\n\n\n<p>Na noite desta quarta-feira , dia 1\u00ba de outubro, por volta das 20h, a Pol\u00edcia Militar do 3\u00ba Pelot\u00e3o Cabo Abr\u00e3o Kanclarovicz de Mallet foi acionada para prestar apoio a uma mulher que solicitou ajuda para retirar seus pertences e os de seus filhos de sua resid\u00eancia, localizada no bairro Vila S\u00e3o Pedro.<\/p>\n\n\n\n<p>Segundo o relato da solicitante, o pedido ocorreu em decorr\u00eancia de um epis\u00f3dio registrado no \u00faltimo dia 29 de setembro, quando seu ex-companheiro teria amea\u00e7ado tanto ela quanto um de seus filhos e na sequ\u00eancia eles teriam entrado em vias de fato na localidade do Vicinal Dois Dorizon. Ainda conforme informado, mensagens enviadas pelo homem indicavam que ele havia recebido alta hospitalar e que se dirigiria \u00e0 resid\u00eancia para \u201cacertar as contas\u201d.<\/p>\n\n\n\n<p>A v\u00edtima afirmou que j\u00e1 havia solicitado medida protetiva contra o ex-companheiro, mas que ele ainda n\u00e3o havia sido notificado, j\u00e1 que se encontrava hospitalizado em Ponta Grossa.<\/p>\n\n\n\n<figure class=\"wp-block-image size-full\"><img loading=\"lazy\" decoding=\"async\" width=\"897\" height=\"204\" src=\"https:\/\/radiostudiow.com.br\/site\/wp-content\/uploads\/2025\/02\/SITE-GRANDE7.png\" alt=\"\" class=\"wp-image-33861\" srcset=\"https:\/\/radiostudiow.com.br\/site\/wp-content\/uploads\/2025\/02\/SITE-GRANDE7.png 897w, https:\/\/radiostudiow.com.br\/site\/wp-content\/uploads\/2025\/02\/SITE-GRANDE7-300x68.png 300w, https:\/\/radiostudiow.com.br\/site\/wp-content\/uploads\/2025\/02\/SITE-GRANDE7-768x175.png 768w\" sizes=\"auto, (max-width: 897px) 100vw, 897px\" \/><\/figure>\n\n\n\n<p>Durante a ocorr\u00eancia, a equipe policial entrou em contato com oficiais de justi\u00e7a, que conseguiram contatar o homem por telefone, confirmando que ele ainda estava internado. Ele tamb\u00e9m foi informado da medida protetiva expedida em seu desfavor.<\/p>\n\n\n\n<p>Com seguran\u00e7a, os Policiais Militares acompanharam a mulher e seus filhos para a retirada de pertences pessoais da resid\u00eancia. Posteriormente, o grupo foi conduzido at\u00e9 um hotel da cidade, onde passou a noite, aguardando realizar a mudan\u00e7a no dia seguinte.<\/p>\n\n\n\n<p>O boletim de ocorr\u00eancia foi confeccionado para provid\u00eancias futuras, e a v\u00edtima recebeu orienta\u00e7\u00f5es sobre medidas de prote\u00e7\u00e3o e seguran\u00e7a.<\/p>\n\n\n\n<p><\/p>\n","protected":false},"excerpt":{"rendered":"<p>Na noite desta quarta-feira , dia 1\u00ba de outubro, por volta das 20h, a Pol\u00edcia Militar do 3\u00ba Pelot\u00e3o Cabo Abr\u00e3o Kanclarovicz de Mallet foi acionada para prestar apoio a uma mulher que solicitou ajuda para retirar seus pertences e os de seus filhos de sua resid\u00eancia, localizada no bairro Vila S\u00e3o Pedro. Segundo o [&hellip;]<\/p>\n","protected":false},"author":2,"featured_media":17329,"comment_status":"open","ping_status":"open","sticky":false,"template":"","format":"standard","meta":{"footnotes":""},"categories":[2],"tags":[172],"class_list":["post-43138","post","type-post","status-publish","format-standard","has-post-thumbnail","hentry","category-policial","tag-featured"],"amp_enabled":true,"_links":{"self":[{"href":"https:\/\/radiostudiow.com.br\/site\/wp-json\/wp\/v2\/posts\/43138","targetHints":{"allow":["GET"]}}],"collection":[{"href":"https:\/\/radiostudiow.com.br\/site\/wp-json\/wp\/v2\/posts"}],"about":[{"href":"https:\/\/radiostudiow.com.br\/site\/wp-json\/wp\/v2\/types\/post"}],"author":[{"embeddable":true,"href":"https:\/\/radiostudiow.com.br\/site\/wp-json\/wp\/v2\/users\/2"}],"replies":[{"embeddable":true,"href":"https:\/\/radiostudiow.com.br\/site\/wp-json\/wp\/v2\/comments?post=43138"}],"version-history":[{"count":1,"href":"https:\/\/radiostudiow.com.br\/site\/wp-json\/wp\/v2\/posts\/43138\/revisions"}],"predecessor-version":[{"id":43139,"href":"https:\/\/radiostudiow.com.br\/site\/wp-json\/wp\/v2\/posts\/43138\/revisions\/43139"}],"wp:featuredmedia":[{"embeddable":true,"href":"https:\/\/radiostudiow.com.br\/site\/wp-json\/wp\/v2\/media\/17329"}],"wp:attachment":[{"href":"https:\/\/radiostudiow.com.br\/site\/wp-json\/wp\/v2\/media?parent=43138"}],"wp:term":[{"taxonomy":"category","embeddable":true,"href":"https:\/\/radiostudiow.com.br\/site\/wp-json\/wp\/v2\/categories?post=43138"},{"taxonomy":"post_tag","embeddable":true,"href":"https:\/\/radiostudiow.com.br\/site\/wp-json\/wp\/v2\/tags?post=43138"}],"curies":[{"name":"wp","href":"https:\/\/api.w.org\/{rel}","templated":true}]}}