{"id":43149,"date":"2025-10-03T09:40:46","date_gmt":"2025-10-03T12:40:46","guid":{"rendered":"https:\/\/radiostudiow.com.br\/site\/?p=43149"},"modified":"2025-10-03T09:40:46","modified_gmt":"2025-10-03T12:40:46","slug":"policia-militar-prende-autor-de-diversos-furtos-na-cidade-de-imbituva","status":"publish","type":"post","link":"https:\/\/radiostudiow.com.br\/site\/2025\/10\/03\/policia-militar-prende-autor-de-diversos-furtos-na-cidade-de-imbituva\/","title":{"rendered":"Pol\u00edcia Militar prende autor de diversos furtos na cidade de Imbituva"},"content":{"rendered":"\n<figure class=\"wp-block-image size-full\"><img loading=\"lazy\" decoding=\"async\" width=\"897\" height=\"207\" src=\"https:\/\/radiostudiow.com.br\/site\/wp-content\/uploads\/2025\/07\/TIJOLAO.png\" alt=\"\" class=\"wp-image-40184\" srcset=\"https:\/\/radiostudiow.com.br\/site\/wp-content\/uploads\/2025\/07\/TIJOLAO.png 897w, https:\/\/radiostudiow.com.br\/site\/wp-content\/uploads\/2025\/07\/TIJOLAO-300x69.png 300w, https:\/\/radiostudiow.com.br\/site\/wp-content\/uploads\/2025\/07\/TIJOLAO-768x177.png 768w\" sizes=\"auto, (max-width: 897px) 100vw, 897px\" \/><\/figure>\n\n\n\n<p>Na grande maioria dos furtos o autor portava alguma arma branca como faca ou fac\u00e3o para intimidar as pessoas, era acostumado a furtar estabelecimentos como mercados, mercearia e resid\u00eancias furtando ainda objetos de dentro um veiculo em via publica.<\/p>\n\n\n\n<p>A Policia Civil do Paran\u00e1 por interm\u00e9dio da Delegacia de Imbituva, cumpriu um mandado de pris\u00e3o preventiva na manh\u00e3 de hoje 02\/10\/2025 de um masculino de 18 anos, por 05 furtos na cidade de Imbituva neste ano de 2025 ap\u00f3s completar 18 anos no m\u00eas de agosto.<\/p>\n\n\n\n<p>J\u00e1 haviam tramitado cerca de 13 procedimentos anteriores para apura\u00e7\u00e3o de diversos atos infracionais contra o indiv\u00edduo.<\/p>\n\n\n\n<figure class=\"wp-block-image size-full\"><img loading=\"lazy\" decoding=\"async\" width=\"598\" height=\"204\" src=\"https:\/\/radiostudiow.com.br\/site\/wp-content\/uploads\/2025\/01\/SITE-MEDIO7.png\" alt=\"\" class=\"wp-image-32801\" srcset=\"https:\/\/radiostudiow.com.br\/site\/wp-content\/uploads\/2025\/01\/SITE-MEDIO7.png 598w, https:\/\/radiostudiow.com.br\/site\/wp-content\/uploads\/2025\/01\/SITE-MEDIO7-300x102.png 300w\" sizes=\"auto, (max-width: 598px) 100vw, 598px\" \/><\/figure>\n\n\n\n<p>Na manh\u00e3 de hoje ap\u00f3s denuncias de que o mesmo estaria transitando pelas ruas do bairro onde reside foi logrado exito em encontr\u00e1-lo, quando ent\u00e3o foi cientificado de seus direitos, revistado e dado cumprimento ao mandado de pris\u00e3o, o qual foi conduzido at\u00e9 a delegacia de Policia Civil para os procedimentos cab\u00edveis e posteriormente encaminhado \u00e0 Cadeia P\u00fablica de Irati.<\/p>\n\n\n\n<p><em>DENUNCIAS \u2013 A PCPR solicita a colabora\u00e7\u00e3o da popula\u00e7\u00e3o com informa\u00e7\u00f5es que auxiliem nas investiga\u00e7\u00f5es e localiza\u00e7\u00e3o de foragidos da justi\u00e7a. As denuncias podem ser feitas de forma an\u00f4nima, pelo n\u00fameros 197 da PCPR, 181 do Disque-Den\u00fancia.<\/em><\/p>\n\n\n\n<p class=\"has-text-align-center\"><em>Informa\u00e7\u00f5es e Imagem Delegacia de Policia Civil de Imbituva \/ Colabora\u00e7\u00e3o Rep\u00f3rter Kiko de Oliveira<\/em><\/p>\n","protected":false},"excerpt":{"rendered":"<p>Na grande maioria dos furtos o autor portava alguma arma branca como faca ou fac\u00e3o para intimidar as pessoas, era acostumado a furtar estabelecimentos como mercados, mercearia e resid\u00eancias furtando ainda objetos de dentro um veiculo em via publica. A Policia Civil do Paran\u00e1 por interm\u00e9dio da Delegacia de Imbituva, cumpriu um mandado de pris\u00e3o [&hellip;]<\/p>\n","protected":false},"author":2,"featured_media":43150,"comment_status":"open","ping_status":"open","sticky":false,"template":"","format":"standard","meta":{"footnotes":""},"categories":[2],"tags":[172],"class_list":["post-43149","post","type-post","status-publish","format-standard","has-post-thumbnail","hentry","category-policial","tag-featured"],"amp_enabled":true,"_links":{"self":[{"href":"https:\/\/radiostudiow.com.br\/site\/wp-json\/wp\/v2\/posts\/43149","targetHints":{"allow":["GET"]}}],"collection":[{"href":"https:\/\/radiostudiow.com.br\/site\/wp-json\/wp\/v2\/posts"}],"about":[{"href":"https:\/\/radiostudiow.com.br\/site\/wp-json\/wp\/v2\/types\/post"}],"author":[{"embeddable":true,"href":"https:\/\/radiostudiow.com.br\/site\/wp-json\/wp\/v2\/users\/2"}],"replies":[{"embeddable":true,"href":"https:\/\/radiostudiow.com.br\/site\/wp-json\/wp\/v2\/comments?post=43149"}],"version-history":[{"count":1,"href":"https:\/\/radiostudiow.com.br\/site\/wp-json\/wp\/v2\/posts\/43149\/revisions"}],"predecessor-version":[{"id":43151,"href":"https:\/\/radiostudiow.com.br\/site\/wp-json\/wp\/v2\/posts\/43149\/revisions\/43151"}],"wp:featuredmedia":[{"embeddable":true,"href":"https:\/\/radiostudiow.com.br\/site\/wp-json\/wp\/v2\/media\/43150"}],"wp:attachment":[{"href":"https:\/\/radiostudiow.com.br\/site\/wp-json\/wp\/v2\/media?parent=43149"}],"wp:term":[{"taxonomy":"category","embeddable":true,"href":"https:\/\/radiostudiow.com.br\/site\/wp-json\/wp\/v2\/categories?post=43149"},{"taxonomy":"post_tag","embeddable":true,"href":"https:\/\/radiostudiow.com.br\/site\/wp-json\/wp\/v2\/tags?post=43149"}],"curies":[{"name":"wp","href":"https:\/\/api.w.org\/{rel}","templated":true}]}}