{"id":43158,"date":"2025-10-03T09:52:44","date_gmt":"2025-10-03T12:52:44","guid":{"rendered":"https:\/\/radiostudiow.com.br\/site\/?p=43158"},"modified":"2025-10-03T09:52:45","modified_gmt":"2025-10-03T12:52:45","slug":"policia-militar-apreende-arma-de-fogo-em-bituruna-2","status":"publish","type":"post","link":"https:\/\/radiostudiow.com.br\/site\/2025\/10\/03\/policia-militar-apreende-arma-de-fogo-em-bituruna-2\/","title":{"rendered":"Pol\u00edcia Militar apreende arma de fogo em Bituruna"},"content":{"rendered":"\n<figure class=\"wp-block-image size-full\"><img loading=\"lazy\" decoding=\"async\" width=\"598\" height=\"204\" src=\"https:\/\/radiostudiow.com.br\/site\/wp-content\/uploads\/2025\/05\/BEAZY.jpg.png\" alt=\"\" class=\"wp-image-38197\" srcset=\"https:\/\/radiostudiow.com.br\/site\/wp-content\/uploads\/2025\/05\/BEAZY.jpg.png 598w, https:\/\/radiostudiow.com.br\/site\/wp-content\/uploads\/2025\/05\/BEAZY.jpg-300x102.png 300w\" sizes=\"auto, (max-width: 598px) 100vw, 598px\" \/><\/figure>\n\n\n\n<p>A equipe da Pol\u00edcia Militar de Bituruna recebeu den\u00fancia de que um indiv\u00edduo estaria armado nas<br>proximidades do bairro S\u00e3o Jo\u00e3o por volta das 15 horas dessa quinta-feira (02).<\/p>\n\n\n\n<p>Durante patrulhamento na PR-170, foi avistado um homem portando uma espingarda, que ao notar a presen\u00e7a policial fugiu para uma \u00e1rea de mata, abandonando a arma.<\/p>\n\n\n\n<p>Feito buscas, o suspeito n\u00e3o foi localizado. A espingarda foi apreendida e encaminhada \u00e0 4\u00aa SDP para os procedimentos cab\u00edveis.<\/p>\n\n\n\n<figure class=\"wp-block-image size-full\"><img loading=\"lazy\" decoding=\"async\" width=\"300\" height=\"180\" src=\"https:\/\/radiostudiow.com.br\/site\/wp-content\/uploads\/2025\/06\/PLAY-HALL.png\" alt=\"\" class=\"wp-image-39582\"\/><\/figure>\n","protected":false},"excerpt":{"rendered":"<p>A equipe da Pol\u00edcia Militar de Bituruna recebeu den\u00fancia de que um indiv\u00edduo estaria armado nasproximidades do bairro S\u00e3o Jo\u00e3o por volta das 15 horas dessa quinta-feira (02). Durante patrulhamento na PR-170, foi avistado um homem portando uma espingarda, que ao notar a presen\u00e7a policial fugiu para uma \u00e1rea de mata, abandonando a arma. Feito [&hellip;]<\/p>\n","protected":false},"author":2,"featured_media":43156,"comment_status":"open","ping_status":"open","sticky":false,"template":"","format":"standard","meta":{"footnotes":""},"categories":[2],"tags":[172],"class_list":["post-43158","post","type-post","status-publish","format-standard","has-post-thumbnail","hentry","category-policial","tag-featured"],"amp_enabled":true,"_links":{"self":[{"href":"https:\/\/radiostudiow.com.br\/site\/wp-json\/wp\/v2\/posts\/43158","targetHints":{"allow":["GET"]}}],"collection":[{"href":"https:\/\/radiostudiow.com.br\/site\/wp-json\/wp\/v2\/posts"}],"about":[{"href":"https:\/\/radiostudiow.com.br\/site\/wp-json\/wp\/v2\/types\/post"}],"author":[{"embeddable":true,"href":"https:\/\/radiostudiow.com.br\/site\/wp-json\/wp\/v2\/users\/2"}],"replies":[{"embeddable":true,"href":"https:\/\/radiostudiow.com.br\/site\/wp-json\/wp\/v2\/comments?post=43158"}],"version-history":[{"count":3,"href":"https:\/\/radiostudiow.com.br\/site\/wp-json\/wp\/v2\/posts\/43158\/revisions"}],"predecessor-version":[{"id":43161,"href":"https:\/\/radiostudiow.com.br\/site\/wp-json\/wp\/v2\/posts\/43158\/revisions\/43161"}],"wp:featuredmedia":[{"embeddable":true,"href":"https:\/\/radiostudiow.com.br\/site\/wp-json\/wp\/v2\/media\/43156"}],"wp:attachment":[{"href":"https:\/\/radiostudiow.com.br\/site\/wp-json\/wp\/v2\/media?parent=43158"}],"wp:term":[{"taxonomy":"category","embeddable":true,"href":"https:\/\/radiostudiow.com.br\/site\/wp-json\/wp\/v2\/categories?post=43158"},{"taxonomy":"post_tag","embeddable":true,"href":"https:\/\/radiostudiow.com.br\/site\/wp-json\/wp\/v2\/tags?post=43158"}],"curies":[{"name":"wp","href":"https:\/\/api.w.org\/{rel}","templated":true}]}}