{"id":4316,"date":"2021-11-04T15:45:27","date_gmt":"2021-11-04T18:45:27","guid":{"rendered":"https:\/\/radiostudiow.com.br\/site\/?p=4316"},"modified":"2025-01-31T15:12:23","modified_gmt":"2025-01-31T18:12:23","slug":"motociclista-fica-ferido-apos-colisao-contra-veiculo-no-centro-de-sao-mateus-do-sul","status":"publish","type":"post","link":"https:\/\/radiostudiow.com.br\/site\/2021\/11\/04\/motociclista-fica-ferido-apos-colisao-contra-veiculo-no-centro-de-sao-mateus-do-sul\/","title":{"rendered":"Motociclista fica ferido ap\u00f3s colis\u00e3o contra ve\u00edculo no centro de S\u00e3o Mateus do Sul"},"content":{"rendered":"\n<p>Um motociclista de 22 anos ficou ferido, ap\u00f3s se envolver em um acidente, no cruzamento das ruas Jo\u00e3o Gabriel Martins e Altino Ferreira Lima nesta quarta &#8211; feira (03).<\/p>\n\n\n\n<p>A colis\u00e3o envolveu um ve\u00edculo Honda\/Civic, de cor prata, e uma moto, de marca n\u00e3o identificada, de cor preta.  O piloto sofreu ferimentos moderados e foi socorrido e encaminhado pelo Corpo de Bombeiros ao Pronto Atendimento Municipal. No carro estava um idoso de 71 anos e uma idosa de 63 anos, que sa\u00edram ilesos.<\/p>\n\n\n\n<p>A Pol\u00edcia Militar tamb\u00e9m foi acionada e prestou atendimento na ocorr\u00eancia.<\/p>\n\n\n\n<figure class=\"wp-block-image size-full\"><img decoding=\"async\" src=\"https:\/\/radiostudiow.com.br\/site\/wp-content\/uploads\/2021\/08\/vem_ai-1.jpg\" alt=\"\" class=\"wp-image-3387\"\/><\/figure>\n","protected":false},"excerpt":{"rendered":"<p>Um motociclista de 22 anos ficou ferido, ap\u00f3s se envolver em um acidente, no cruzamento das ruas Jo\u00e3o Gabriel Martins e Altino Ferreira Lima nesta quarta &#8211; feira (03). A colis\u00e3o envolveu um ve\u00edculo Honda\/Civic, de cor prata, e uma moto, de marca n\u00e3o identificada, de cor preta. O piloto sofreu ferimentos moderados e foi [&hellip;]<\/p>\n","protected":false},"author":2,"featured_media":0,"comment_status":"open","ping_status":"open","sticky":false,"template":"","format":"standard","meta":{"footnotes":""},"categories":[2],"tags":[172],"class_list":["post-4316","post","type-post","status-publish","format-standard","hentry","category-policial","tag-featured"],"amp_enabled":true,"_links":{"self":[{"href":"https:\/\/radiostudiow.com.br\/site\/wp-json\/wp\/v2\/posts\/4316","targetHints":{"allow":["GET"]}}],"collection":[{"href":"https:\/\/radiostudiow.com.br\/site\/wp-json\/wp\/v2\/posts"}],"about":[{"href":"https:\/\/radiostudiow.com.br\/site\/wp-json\/wp\/v2\/types\/post"}],"author":[{"embeddable":true,"href":"https:\/\/radiostudiow.com.br\/site\/wp-json\/wp\/v2\/users\/2"}],"replies":[{"embeddable":true,"href":"https:\/\/radiostudiow.com.br\/site\/wp-json\/wp\/v2\/comments?post=4316"}],"version-history":[{"count":2,"href":"https:\/\/radiostudiow.com.br\/site\/wp-json\/wp\/v2\/posts\/4316\/revisions"}],"predecessor-version":[{"id":4319,"href":"https:\/\/radiostudiow.com.br\/site\/wp-json\/wp\/v2\/posts\/4316\/revisions\/4319"}],"wp:attachment":[{"href":"https:\/\/radiostudiow.com.br\/site\/wp-json\/wp\/v2\/media?parent=4316"}],"wp:term":[{"taxonomy":"category","embeddable":true,"href":"https:\/\/radiostudiow.com.br\/site\/wp-json\/wp\/v2\/categories?post=4316"},{"taxonomy":"post_tag","embeddable":true,"href":"https:\/\/radiostudiow.com.br\/site\/wp-json\/wp\/v2\/tags?post=4316"}],"curies":[{"name":"wp","href":"https:\/\/api.w.org\/{rel}","templated":true}]}}