{"id":43176,"date":"2025-10-04T08:55:07","date_gmt":"2025-10-04T11:55:07","guid":{"rendered":"https:\/\/radiostudiow.com.br\/site\/?p=43176"},"modified":"2025-10-04T08:55:07","modified_gmt":"2025-10-04T11:55:07","slug":"homem-e-preso-com-cocaina-em-uniao-da-vitoria-2","status":"publish","type":"post","link":"https:\/\/radiostudiow.com.br\/site\/2025\/10\/04\/homem-e-preso-com-cocaina-em-uniao-da-vitoria-2\/","title":{"rendered":"Homem \u00e9 preso com coca\u00edna em Uni\u00e3o da Vit\u00f3ria"},"content":{"rendered":"\n<figure class=\"wp-block-image size-full\"><img loading=\"lazy\" decoding=\"async\" width=\"897\" height=\"207\" src=\"https:\/\/radiostudiow.com.br\/site\/wp-content\/uploads\/2025\/07\/TIJOLAO.png\" alt=\"\" class=\"wp-image-40184\" srcset=\"https:\/\/radiostudiow.com.br\/site\/wp-content\/uploads\/2025\/07\/TIJOLAO.png 897w, https:\/\/radiostudiow.com.br\/site\/wp-content\/uploads\/2025\/07\/TIJOLAO-300x69.png 300w, https:\/\/radiostudiow.com.br\/site\/wp-content\/uploads\/2025\/07\/TIJOLAO-768x177.png 768w\" sizes=\"auto, (max-width: 897px) 100vw, 897px\" \/><\/figure>\n\n\n\n<p>A equipe da Pol\u00edcia Militar de Uni\u00e3o da Vit\u00f3ria visualizou um indiv\u00edduo tentando for\u00e7ar a porta de um ve\u00edculo durante patrulhamento no bairro S\u00e3o Bas\u00edlio Magno.<\/p>\n\n\n\n<p>O suspeito ao perceber a presen\u00e7a da viatura, arremessou um objeto ao solo. A situa\u00e7\u00e3o foi registrada por volta das 22 horas dessa sexta-feira (03).<\/p>\n\n\n\n<p>Ap\u00f3s abordagem, nada de il\u00edcito foi encontrado, por\u00e9m a equipe localizou o inv\u00f3lucro arremessado, que continha subst\u00e2ncia an\u00e1loga \u00e0 coca\u00edna.<\/p>\n\n\n\n<p>Diante dos fatos, o indiv\u00edduo foi preso e encaminhado, junto com a droga, \u00e0 Delegacia de Pol\u00edcia Civil de<br>Uni\u00e3o da Vit\u00f3ria.<\/p>\n\n\n\n<figure class=\"wp-block-image size-full\"><img loading=\"lazy\" decoding=\"async\" width=\"598\" height=\"204\" src=\"https:\/\/radiostudiow.com.br\/site\/wp-content\/uploads\/2024\/01\/SITE-MEDIO.png\" alt=\"\" class=\"wp-image-18916\" srcset=\"https:\/\/radiostudiow.com.br\/site\/wp-content\/uploads\/2024\/01\/SITE-MEDIO.png 598w, https:\/\/radiostudiow.com.br\/site\/wp-content\/uploads\/2024\/01\/SITE-MEDIO-300x102.png 300w\" sizes=\"auto, (max-width: 598px) 100vw, 598px\" \/><\/figure>\n","protected":false},"excerpt":{"rendered":"<p>A equipe da Pol\u00edcia Militar de Uni\u00e3o da Vit\u00f3ria visualizou um indiv\u00edduo tentando for\u00e7ar a porta de um ve\u00edculo durante patrulhamento no bairro S\u00e3o Bas\u00edlio Magno. O suspeito ao perceber a presen\u00e7a da viatura, arremessou um objeto ao solo. A situa\u00e7\u00e3o foi registrada por volta das 22 horas dessa sexta-feira (03). Ap\u00f3s abordagem, nada de [&hellip;]<\/p>\n","protected":false},"author":2,"featured_media":43177,"comment_status":"open","ping_status":"open","sticky":false,"template":"","format":"standard","meta":{"footnotes":""},"categories":[2],"tags":[172],"class_list":["post-43176","post","type-post","status-publish","format-standard","has-post-thumbnail","hentry","category-policial","tag-featured"],"amp_enabled":true,"_links":{"self":[{"href":"https:\/\/radiostudiow.com.br\/site\/wp-json\/wp\/v2\/posts\/43176","targetHints":{"allow":["GET"]}}],"collection":[{"href":"https:\/\/radiostudiow.com.br\/site\/wp-json\/wp\/v2\/posts"}],"about":[{"href":"https:\/\/radiostudiow.com.br\/site\/wp-json\/wp\/v2\/types\/post"}],"author":[{"embeddable":true,"href":"https:\/\/radiostudiow.com.br\/site\/wp-json\/wp\/v2\/users\/2"}],"replies":[{"embeddable":true,"href":"https:\/\/radiostudiow.com.br\/site\/wp-json\/wp\/v2\/comments?post=43176"}],"version-history":[{"count":1,"href":"https:\/\/radiostudiow.com.br\/site\/wp-json\/wp\/v2\/posts\/43176\/revisions"}],"predecessor-version":[{"id":43178,"href":"https:\/\/radiostudiow.com.br\/site\/wp-json\/wp\/v2\/posts\/43176\/revisions\/43178"}],"wp:featuredmedia":[{"embeddable":true,"href":"https:\/\/radiostudiow.com.br\/site\/wp-json\/wp\/v2\/media\/43177"}],"wp:attachment":[{"href":"https:\/\/radiostudiow.com.br\/site\/wp-json\/wp\/v2\/media?parent=43176"}],"wp:term":[{"taxonomy":"category","embeddable":true,"href":"https:\/\/radiostudiow.com.br\/site\/wp-json\/wp\/v2\/categories?post=43176"},{"taxonomy":"post_tag","embeddable":true,"href":"https:\/\/radiostudiow.com.br\/site\/wp-json\/wp\/v2\/tags?post=43176"}],"curies":[{"name":"wp","href":"https:\/\/api.w.org\/{rel}","templated":true}]}}