{"id":43181,"date":"2025-10-04T09:47:21","date_gmt":"2025-10-04T12:47:21","guid":{"rendered":"https:\/\/radiostudiow.com.br\/site\/?p=43181"},"modified":"2025-10-04T09:47:22","modified_gmt":"2025-10-04T12:47:22","slug":"homem-e-preso-por-adulteracao-de-placa-de-motociclieta-em-sao-mateus-do-sul","status":"publish","type":"post","link":"https:\/\/radiostudiow.com.br\/site\/2025\/10\/04\/homem-e-preso-por-adulteracao-de-placa-de-motociclieta-em-sao-mateus-do-sul\/","title":{"rendered":"Homem \u00e9 preso por adultera\u00e7\u00e3o de placa de motociclieta em S\u00e3o Mateus do Sul"},"content":{"rendered":"\n<figure class=\"wp-block-image size-full\"><img loading=\"lazy\" decoding=\"async\" width=\"897\" height=\"204\" src=\"https:\/\/radiostudiow.com.br\/site\/wp-content\/uploads\/2025\/02\/SITE-GRANDE7.png\" alt=\"\" class=\"wp-image-33861\" srcset=\"https:\/\/radiostudiow.com.br\/site\/wp-content\/uploads\/2025\/02\/SITE-GRANDE7.png 897w, https:\/\/radiostudiow.com.br\/site\/wp-content\/uploads\/2025\/02\/SITE-GRANDE7-300x68.png 300w, https:\/\/radiostudiow.com.br\/site\/wp-content\/uploads\/2025\/02\/SITE-GRANDE7-768x175.png 768w\" sizes=\"auto, (max-width: 897px) 100vw, 897px\" \/><\/figure>\n\n\n\n<p>A equipe da Pol\u00edcia Militar de S\u00e3o Mateus do Sul estava em patrulhamento pela rodovia, quando visualizou uma motocicleta com a placa adulterada, o que impedia sua identifica\u00e7\u00e3o. O caso ocorreu por volta das 17 horas dessa sexta-feira (03).<\/p>\n\n\n\n<p>Em revista pessoal, nada de il\u00edcito foi encontrado com o condutor, por\u00e9m, em consulta aos sistemas, constatou-se que a placa pertencia a outro ve\u00edculo j\u00e1 baixado pelo Detran.<\/p>\n\n\n\n<p>Diante dos fatos, o indiv\u00edduo recebeu voz de pris\u00e3o e, junto com a motocicleta, foi encaminhado \u00e0 3a SDP para as provid\u00eancias cab\u00edveis.<\/p>\n\n\n\n<figure class=\"wp-block-image size-full\"><img loading=\"lazy\" decoding=\"async\" width=\"598\" height=\"204\" src=\"https:\/\/radiostudiow.com.br\/site\/wp-content\/uploads\/2025\/05\/BEAZY.jpg.png\" alt=\"\" class=\"wp-image-38197\" srcset=\"https:\/\/radiostudiow.com.br\/site\/wp-content\/uploads\/2025\/05\/BEAZY.jpg.png 598w, https:\/\/radiostudiow.com.br\/site\/wp-content\/uploads\/2025\/05\/BEAZY.jpg-300x102.png 300w\" sizes=\"auto, (max-width: 598px) 100vw, 598px\" \/><\/figure>\n","protected":false},"excerpt":{"rendered":"<p>A equipe da Pol\u00edcia Militar de S\u00e3o Mateus do Sul estava em patrulhamento pela rodovia, quando visualizou uma motocicleta com a placa adulterada, o que impedia sua identifica\u00e7\u00e3o. O caso ocorreu por volta das 17 horas dessa sexta-feira (03). Em revista pessoal, nada de il\u00edcito foi encontrado com o condutor, por\u00e9m, em consulta aos sistemas, [&hellip;]<\/p>\n","protected":false},"author":2,"featured_media":30688,"comment_status":"open","ping_status":"open","sticky":false,"template":"","format":"standard","meta":{"footnotes":""},"categories":[2],"tags":[172],"class_list":["post-43181","post","type-post","status-publish","format-standard","has-post-thumbnail","hentry","category-policial","tag-featured"],"amp_enabled":true,"_links":{"self":[{"href":"https:\/\/radiostudiow.com.br\/site\/wp-json\/wp\/v2\/posts\/43181","targetHints":{"allow":["GET"]}}],"collection":[{"href":"https:\/\/radiostudiow.com.br\/site\/wp-json\/wp\/v2\/posts"}],"about":[{"href":"https:\/\/radiostudiow.com.br\/site\/wp-json\/wp\/v2\/types\/post"}],"author":[{"embeddable":true,"href":"https:\/\/radiostudiow.com.br\/site\/wp-json\/wp\/v2\/users\/2"}],"replies":[{"embeddable":true,"href":"https:\/\/radiostudiow.com.br\/site\/wp-json\/wp\/v2\/comments?post=43181"}],"version-history":[{"count":1,"href":"https:\/\/radiostudiow.com.br\/site\/wp-json\/wp\/v2\/posts\/43181\/revisions"}],"predecessor-version":[{"id":43182,"href":"https:\/\/radiostudiow.com.br\/site\/wp-json\/wp\/v2\/posts\/43181\/revisions\/43182"}],"wp:featuredmedia":[{"embeddable":true,"href":"https:\/\/radiostudiow.com.br\/site\/wp-json\/wp\/v2\/media\/30688"}],"wp:attachment":[{"href":"https:\/\/radiostudiow.com.br\/site\/wp-json\/wp\/v2\/media?parent=43181"}],"wp:term":[{"taxonomy":"category","embeddable":true,"href":"https:\/\/radiostudiow.com.br\/site\/wp-json\/wp\/v2\/categories?post=43181"},{"taxonomy":"post_tag","embeddable":true,"href":"https:\/\/radiostudiow.com.br\/site\/wp-json\/wp\/v2\/tags?post=43181"}],"curies":[{"name":"wp","href":"https:\/\/api.w.org\/{rel}","templated":true}]}}