{"id":43194,"date":"2025-10-04T11:14:39","date_gmt":"2025-10-04T14:14:39","guid":{"rendered":"https:\/\/radiostudiow.com.br\/site\/?p=43194"},"modified":"2025-10-04T11:14:51","modified_gmt":"2025-10-04T14:14:51","slug":"homem-e-agredido-em-frente-a-rodoviaria-de-rio-azul-durante-a-madrugada","status":"publish","type":"post","link":"https:\/\/radiostudiow.com.br\/site\/2025\/10\/04\/homem-e-agredido-em-frente-a-rodoviaria-de-rio-azul-durante-a-madrugada\/","title":{"rendered":"Homem \u00e9 agredido em frente \u00e0 rodovi\u00e1ria de Rio Azul"},"content":{"rendered":"\n<figure class=\"wp-block-image size-full\"><img loading=\"lazy\" decoding=\"async\" width=\"897\" height=\"204\" src=\"https:\/\/radiostudiow.com.br\/site\/wp-content\/uploads\/2025\/05\/NUTRI-MALLET.png\" alt=\"\" class=\"wp-image-37813\" srcset=\"https:\/\/radiostudiow.com.br\/site\/wp-content\/uploads\/2025\/05\/NUTRI-MALLET.png 897w, https:\/\/radiostudiow.com.br\/site\/wp-content\/uploads\/2025\/05\/NUTRI-MALLET-300x68.png 300w, https:\/\/radiostudiow.com.br\/site\/wp-content\/uploads\/2025\/05\/NUTRI-MALLET-768x175.png 768w\" sizes=\"auto, (max-width: 897px) 100vw, 897px\" \/><\/figure>\n\n\n\n<p class=\"has-text-align-center\">Com informa\u00e7\u00f5es da Pol\u00edcia Militar \/ <em>Colabora\u00e7\u00e3o Rep\u00f3rter Kiko de Oliveir<\/em>a<\/p>\n\n\n\n<p>Um caso de les\u00e3o corporal mobilizou a Pol\u00edcia Militar e o Servi\u00e7o de Atendimento M\u00f3vel de Urg\u00eancia (SAMU) por volta das 00h20 desta sexta-feira (3), em frente \u00e0 rodovi\u00e1ria municipal de Rio Azul.<\/p>\n\n\n\n<p>De acordo com informa\u00e7\u00f5es repassadas pela equipe policial, um homem foi encontrado no local com ferimentos no rosto e na regi\u00e3o do cr\u00e2nio. A v\u00edtima apresentava sinais de embriaguez e foi prontamente atendida pelos socorristas do SAMU, sendo encaminhada ao hospital municipal. Inicialmente, as les\u00f5es foram classificadas como de natureza grave.<\/p>\n\n\n\n<figure class=\"wp-block-image size-full\"><img loading=\"lazy\" decoding=\"async\" width=\"598\" height=\"204\" src=\"https:\/\/radiostudiow.com.br\/site\/wp-content\/uploads\/2024\/10\/labirati.png\" alt=\"\" class=\"wp-image-28854\" srcset=\"https:\/\/radiostudiow.com.br\/site\/wp-content\/uploads\/2024\/10\/labirati.png 598w, https:\/\/radiostudiow.com.br\/site\/wp-content\/uploads\/2024\/10\/labirati-300x102.png 300w\" sizes=\"auto, (max-width: 598px) 100vw, 598px\" \/><\/figure>\n\n\n\n<p>Ap\u00f3s o atendimento, a pol\u00edcia realizou buscas nas imedia\u00e7\u00f5es na tentativa de localizar poss\u00edveis suspeitos, por\u00e9m, ningu\u00e9m foi encontrado at\u00e9 o momento. A rodovi\u00e1ria possui c\u00e2meras de vigil\u00e2ncia, cujas imagens dever\u00e3o ser analisadas para auxiliar na identifica\u00e7\u00e3o dos envolvidos.<\/p>\n\n\n\n<p>O boletim de ocorr\u00eancia foi registrado, e o caso segue sob investiga\u00e7\u00e3o pelas autoridades competentes.<\/p>\n\n\n\n<p class=\"has-text-align-center\">Com informa\u00e7\u00f5es da Pol\u00edcia Militar \/ <em>Colabora\u00e7\u00e3o Rep\u00f3rter Kiko de Oliveir<\/em>a<\/p>\n\n\n\n<p><\/p>\n","protected":false},"excerpt":{"rendered":"<p>Com informa\u00e7\u00f5es da Pol\u00edcia Militar \/ Colabora\u00e7\u00e3o Rep\u00f3rter Kiko de Oliveira Um caso de les\u00e3o corporal mobilizou a Pol\u00edcia Militar e o Servi\u00e7o de Atendimento M\u00f3vel de Urg\u00eancia (SAMU) por volta das 00h20 desta sexta-feira (3), em frente \u00e0 rodovi\u00e1ria municipal de Rio Azul. De acordo com informa\u00e7\u00f5es repassadas pela equipe policial, um homem foi [&hellip;]<\/p>\n","protected":false},"author":2,"featured_media":1572,"comment_status":"open","ping_status":"open","sticky":false,"template":"","format":"standard","meta":{"footnotes":""},"categories":[2],"tags":[172],"class_list":["post-43194","post","type-post","status-publish","format-standard","has-post-thumbnail","hentry","category-policial","tag-featured"],"amp_enabled":true,"_links":{"self":[{"href":"https:\/\/radiostudiow.com.br\/site\/wp-json\/wp\/v2\/posts\/43194","targetHints":{"allow":["GET"]}}],"collection":[{"href":"https:\/\/radiostudiow.com.br\/site\/wp-json\/wp\/v2\/posts"}],"about":[{"href":"https:\/\/radiostudiow.com.br\/site\/wp-json\/wp\/v2\/types\/post"}],"author":[{"embeddable":true,"href":"https:\/\/radiostudiow.com.br\/site\/wp-json\/wp\/v2\/users\/2"}],"replies":[{"embeddable":true,"href":"https:\/\/radiostudiow.com.br\/site\/wp-json\/wp\/v2\/comments?post=43194"}],"version-history":[{"count":2,"href":"https:\/\/radiostudiow.com.br\/site\/wp-json\/wp\/v2\/posts\/43194\/revisions"}],"predecessor-version":[{"id":43196,"href":"https:\/\/radiostudiow.com.br\/site\/wp-json\/wp\/v2\/posts\/43194\/revisions\/43196"}],"wp:featuredmedia":[{"embeddable":true,"href":"https:\/\/radiostudiow.com.br\/site\/wp-json\/wp\/v2\/media\/1572"}],"wp:attachment":[{"href":"https:\/\/radiostudiow.com.br\/site\/wp-json\/wp\/v2\/media?parent=43194"}],"wp:term":[{"taxonomy":"category","embeddable":true,"href":"https:\/\/radiostudiow.com.br\/site\/wp-json\/wp\/v2\/categories?post=43194"},{"taxonomy":"post_tag","embeddable":true,"href":"https:\/\/radiostudiow.com.br\/site\/wp-json\/wp\/v2\/tags?post=43194"}],"curies":[{"name":"wp","href":"https:\/\/api.w.org\/{rel}","templated":true}]}}