{"id":43197,"date":"2025-10-04T11:17:41","date_gmt":"2025-10-04T14:17:41","guid":{"rendered":"https:\/\/radiostudiow.com.br\/site\/?p=43197"},"modified":"2025-10-04T11:17:42","modified_gmt":"2025-10-04T14:17:42","slug":"policia-militar-cumpre-mandado-de-prisao-por-ameaca-em-mallet","status":"publish","type":"post","link":"https:\/\/radiostudiow.com.br\/site\/2025\/10\/04\/policia-militar-cumpre-mandado-de-prisao-por-ameaca-em-mallet\/","title":{"rendered":"Pol\u00edcia Militar cumpre mandado de pris\u00e3o por amea\u00e7a em Mallet"},"content":{"rendered":"\n<figure class=\"wp-block-image size-full\"><img loading=\"lazy\" decoding=\"async\" width=\"897\" height=\"204\" src=\"https:\/\/radiostudiow.com.br\/site\/wp-content\/uploads\/2024\/01\/SITE-GRANDE3.png\" alt=\"zaions\" class=\"wp-image-18936\" srcset=\"https:\/\/radiostudiow.com.br\/site\/wp-content\/uploads\/2024\/01\/SITE-GRANDE3.png 897w, https:\/\/radiostudiow.com.br\/site\/wp-content\/uploads\/2024\/01\/SITE-GRANDE3-300x68.png 300w, https:\/\/radiostudiow.com.br\/site\/wp-content\/uploads\/2024\/01\/SITE-GRANDE3-768x175.png 768w\" sizes=\"auto, (max-width: 897px) 100vw, 897px\" \/><\/figure>\n\n\n\n<p>Na tarde desta quinta-feira (2), por volta das 17h30, a Pol\u00edcia Militar do 3\u00ba Pelot\u00e3o de Mallet cumpriu um mandado de pris\u00e3o contra um homem acusado de amea\u00e7a. A a\u00e7\u00e3o ocorreu no bairro Vila S\u00e3o Pedro, ap\u00f3s a equipe receber informa\u00e7\u00f5es sobre a ordem judicial expedida em desfavor do suspeito.<\/p>\n\n\n\n<p>De acordo com a PM, o homem teria amea\u00e7ado sua ex-companheira e o enteado, enviando mensagens em tom intimidador. Mesmo enquanto estava internado em um hospital de Ponta Grossa, o acusado teria comunicado \u00e0 v\u00edtima que, ao retornar, \u201cacertaria as contas\u201d com ela.<\/p>\n\n\n\n<figure class=\"wp-block-image size-full\"><img loading=\"lazy\" decoding=\"async\" width=\"598\" height=\"204\" src=\"https:\/\/radiostudiow.com.br\/site\/wp-content\/uploads\/2025\/05\/POLAK.png\" alt=\"\" class=\"wp-image-37847\" srcset=\"https:\/\/radiostudiow.com.br\/site\/wp-content\/uploads\/2025\/05\/POLAK.png 598w, https:\/\/radiostudiow.com.br\/site\/wp-content\/uploads\/2025\/05\/POLAK-300x102.png 300w\" sizes=\"auto, (max-width: 598px) 100vw, 598px\" \/><\/figure>\n\n\n\n<p>Diante do hist\u00f3rico de intimida\u00e7\u00f5es, a mulher solicitou medida protetiva, temendo pela pr\u00f3pria vida e tamb\u00e9m pela seguran\u00e7a de seus filhos.<\/p>\n\n\n\n<p>Ap\u00f3s ser cientificado do mandado, o homem foi detido em sua resid\u00eancia e encaminhado ao Departamento Penitenci\u00e1rio (Depen) de Uni\u00e3o da Vit\u00f3ria, onde permanece \u00e0 disposi\u00e7\u00e3o da Justi\u00e7a.<\/p>\n","protected":false},"excerpt":{"rendered":"<p>Na tarde desta quinta-feira (2), por volta das 17h30, a Pol\u00edcia Militar do 3\u00ba Pelot\u00e3o de Mallet cumpriu um mandado de pris\u00e3o contra um homem acusado de amea\u00e7a. A a\u00e7\u00e3o ocorreu no bairro Vila S\u00e3o Pedro, ap\u00f3s a equipe receber informa\u00e7\u00f5es sobre a ordem judicial expedida em desfavor do suspeito. De acordo com a PM, [&hellip;]<\/p>\n","protected":false},"author":2,"featured_media":17329,"comment_status":"open","ping_status":"open","sticky":false,"template":"","format":"standard","meta":{"footnotes":""},"categories":[2],"tags":[172],"class_list":["post-43197","post","type-post","status-publish","format-standard","has-post-thumbnail","hentry","category-policial","tag-featured"],"amp_enabled":true,"_links":{"self":[{"href":"https:\/\/radiostudiow.com.br\/site\/wp-json\/wp\/v2\/posts\/43197","targetHints":{"allow":["GET"]}}],"collection":[{"href":"https:\/\/radiostudiow.com.br\/site\/wp-json\/wp\/v2\/posts"}],"about":[{"href":"https:\/\/radiostudiow.com.br\/site\/wp-json\/wp\/v2\/types\/post"}],"author":[{"embeddable":true,"href":"https:\/\/radiostudiow.com.br\/site\/wp-json\/wp\/v2\/users\/2"}],"replies":[{"embeddable":true,"href":"https:\/\/radiostudiow.com.br\/site\/wp-json\/wp\/v2\/comments?post=43197"}],"version-history":[{"count":1,"href":"https:\/\/radiostudiow.com.br\/site\/wp-json\/wp\/v2\/posts\/43197\/revisions"}],"predecessor-version":[{"id":43198,"href":"https:\/\/radiostudiow.com.br\/site\/wp-json\/wp\/v2\/posts\/43197\/revisions\/43198"}],"wp:featuredmedia":[{"embeddable":true,"href":"https:\/\/radiostudiow.com.br\/site\/wp-json\/wp\/v2\/media\/17329"}],"wp:attachment":[{"href":"https:\/\/radiostudiow.com.br\/site\/wp-json\/wp\/v2\/media?parent=43197"}],"wp:term":[{"taxonomy":"category","embeddable":true,"href":"https:\/\/radiostudiow.com.br\/site\/wp-json\/wp\/v2\/categories?post=43197"},{"taxonomy":"post_tag","embeddable":true,"href":"https:\/\/radiostudiow.com.br\/site\/wp-json\/wp\/v2\/tags?post=43197"}],"curies":[{"name":"wp","href":"https:\/\/api.w.org\/{rel}","templated":true}]}}