{"id":43212,"date":"2025-10-05T21:44:33","date_gmt":"2025-10-06T00:44:33","guid":{"rendered":"https:\/\/radiostudiow.com.br\/site\/?p=43212"},"modified":"2025-10-05T21:44:34","modified_gmt":"2025-10-06T00:44:34","slug":"homem-e-preso-por-violencia-domestica-no-centro-de-mallet","status":"publish","type":"post","link":"https:\/\/radiostudiow.com.br\/site\/2025\/10\/05\/homem-e-preso-por-violencia-domestica-no-centro-de-mallet\/","title":{"rendered":"Homem \u00e9 preso por viol\u00eancia dom\u00e9stica no centro de Mallet"},"content":{"rendered":"\n<p><\/p>\n\n\n\n<figure class=\"wp-block-image size-full\"><img loading=\"lazy\" decoding=\"async\" width=\"897\" height=\"207\" src=\"https:\/\/radiostudiow.com.br\/site\/wp-content\/uploads\/2025\/07\/TIJOLAO.png\" alt=\"\" class=\"wp-image-40184\" srcset=\"https:\/\/radiostudiow.com.br\/site\/wp-content\/uploads\/2025\/07\/TIJOLAO.png 897w, https:\/\/radiostudiow.com.br\/site\/wp-content\/uploads\/2025\/07\/TIJOLAO-300x69.png 300w, https:\/\/radiostudiow.com.br\/site\/wp-content\/uploads\/2025\/07\/TIJOLAO-768x177.png 768w\" sizes=\"auto, (max-width: 897px) 100vw, 897px\" \/><\/figure>\n\n\n\n<p><\/p>\n\n\n\n<p style=\"font-size:21px\">Na tarde deste s\u00e1bado (4), por volta das 15h, a Pol\u00edcia Militar do 3\u00ba Pelot\u00e3o de Mallet foi acionada para atender uma ocorr\u00eancia de viol\u00eancia dom\u00e9stica no centro da cidade.<\/p>\n\n\n\n<p style=\"font-size:21px\">De acordo com o boletim policial, a v\u00edtima relatou que seu companheiro chegou ao local alterado, tentando lev\u00e1-la \u00e0 for\u00e7a da resid\u00eancia de sua m\u00e3e. <\/p>\n\n\n\n<p style=\"font-size:21px\">Durante a discuss\u00e3o, o homem teria amea\u00e7ado agredir tanto a mulher quanto a m\u00e3e dela, al\u00e9m de dizer que destruiria o local de trabalho da companheira e colocaria fogo em sua casa.<\/p>\n\n\n\n<p style=\"font-size:21px\">A v\u00edtima tamb\u00e9m relatou aos policiais que, no dia anterior, havia sido for\u00e7ada a manter rela\u00e7\u00e3o sexual sob amea\u00e7a. Segundo o depoimento, as agress\u00f5es e discuss\u00f5es seriam recorrentes, inclusive na presen\u00e7a dos filhos menores do casal.<\/p>\n\n\n\n<p style=\"font-size:21px\">Temendo por sua seguran\u00e7a, a mulher manifestou o desejo de representar criminalmente contra o agressor. Diante da gravidade dos fatos, o homem foi preso em flagrante e encaminhado \u00e0 Delegacia para as devidas provid\u00eancias.<\/p>\n\n\n\n<p style=\"font-size:21px\">A Pol\u00edcia Militar refor\u00e7a que casos de viol\u00eancia dom\u00e9stica podem ser denunciados anonimamente por meio do telefone 190 ou do Disque 180, canal nacional de atendimento \u00e0s mulheres v\u00edtimas de viol\u00eancia.<\/p>\n\n\n\n<p><\/p>\n\n\n\n<figure class=\"wp-block-image size-full\"><img loading=\"lazy\" decoding=\"async\" width=\"897\" height=\"204\" src=\"https:\/\/radiostudiow.com.br\/site\/wp-content\/uploads\/2025\/02\/SITE-GRANDE7.png\" alt=\"\" class=\"wp-image-33861\" srcset=\"https:\/\/radiostudiow.com.br\/site\/wp-content\/uploads\/2025\/02\/SITE-GRANDE7.png 897w, https:\/\/radiostudiow.com.br\/site\/wp-content\/uploads\/2025\/02\/SITE-GRANDE7-300x68.png 300w, https:\/\/radiostudiow.com.br\/site\/wp-content\/uploads\/2025\/02\/SITE-GRANDE7-768x175.png 768w\" sizes=\"auto, (max-width: 897px) 100vw, 897px\" \/><\/figure>\n","protected":false},"excerpt":{"rendered":"<p>Na tarde deste s\u00e1bado (4), por volta das 15h, a Pol\u00edcia Militar do 3\u00ba Pelot\u00e3o de Mallet foi acionada para atender uma ocorr\u00eancia de viol\u00eancia dom\u00e9stica no centro da cidade. De acordo com o boletim policial, a v\u00edtima relatou que seu companheiro chegou ao local alterado, tentando lev\u00e1-la \u00e0 for\u00e7a da resid\u00eancia de sua m\u00e3e. [&hellip;]<\/p>\n","protected":false},"author":2,"featured_media":40506,"comment_status":"open","ping_status":"open","sticky":false,"template":"","format":"standard","meta":{"footnotes":""},"categories":[184,2],"tags":[172],"class_list":["post-43212","post","type-post","status-publish","format-standard","has-post-thumbnail","hentry","category-local","category-policial","tag-featured"],"amp_enabled":true,"_links":{"self":[{"href":"https:\/\/radiostudiow.com.br\/site\/wp-json\/wp\/v2\/posts\/43212","targetHints":{"allow":["GET"]}}],"collection":[{"href":"https:\/\/radiostudiow.com.br\/site\/wp-json\/wp\/v2\/posts"}],"about":[{"href":"https:\/\/radiostudiow.com.br\/site\/wp-json\/wp\/v2\/types\/post"}],"author":[{"embeddable":true,"href":"https:\/\/radiostudiow.com.br\/site\/wp-json\/wp\/v2\/users\/2"}],"replies":[{"embeddable":true,"href":"https:\/\/radiostudiow.com.br\/site\/wp-json\/wp\/v2\/comments?post=43212"}],"version-history":[{"count":1,"href":"https:\/\/radiostudiow.com.br\/site\/wp-json\/wp\/v2\/posts\/43212\/revisions"}],"predecessor-version":[{"id":43213,"href":"https:\/\/radiostudiow.com.br\/site\/wp-json\/wp\/v2\/posts\/43212\/revisions\/43213"}],"wp:featuredmedia":[{"embeddable":true,"href":"https:\/\/radiostudiow.com.br\/site\/wp-json\/wp\/v2\/media\/40506"}],"wp:attachment":[{"href":"https:\/\/radiostudiow.com.br\/site\/wp-json\/wp\/v2\/media?parent=43212"}],"wp:term":[{"taxonomy":"category","embeddable":true,"href":"https:\/\/radiostudiow.com.br\/site\/wp-json\/wp\/v2\/categories?post=43212"},{"taxonomy":"post_tag","embeddable":true,"href":"https:\/\/radiostudiow.com.br\/site\/wp-json\/wp\/v2\/tags?post=43212"}],"curies":[{"name":"wp","href":"https:\/\/api.w.org\/{rel}","templated":true}]}}