{"id":43214,"date":"2025-10-05T21:49:02","date_gmt":"2025-10-06T00:49:02","guid":{"rendered":"https:\/\/radiostudiow.com.br\/site\/?p=43214"},"modified":"2025-10-05T21:49:02","modified_gmt":"2025-10-06T00:49:02","slug":"segundo-caso-de-violencia-domestica-e-registrado-no-mesmo-dia-em-mallet","status":"publish","type":"post","link":"https:\/\/radiostudiow.com.br\/site\/2025\/10\/05\/segundo-caso-de-violencia-domestica-e-registrado-no-mesmo-dia-em-mallet\/","title":{"rendered":"Segundo caso de viol\u00eancia dom\u00e9stica \u00e9 registrado no mesmo dia em Mallet"},"content":{"rendered":"\n<p><\/p>\n\n\n\n<figure class=\"wp-block-image size-full\"><img loading=\"lazy\" decoding=\"async\" width=\"897\" height=\"204\" src=\"https:\/\/radiostudiow.com.br\/site\/wp-content\/uploads\/2025\/03\/BARAO-NOVO-NOTICIAS-1.jpg\" alt=\"\" class=\"wp-image-35084\" srcset=\"https:\/\/radiostudiow.com.br\/site\/wp-content\/uploads\/2025\/03\/BARAO-NOVO-NOTICIAS-1.jpg 897w, https:\/\/radiostudiow.com.br\/site\/wp-content\/uploads\/2025\/03\/BARAO-NOVO-NOTICIAS-1-300x68.jpg 300w, https:\/\/radiostudiow.com.br\/site\/wp-content\/uploads\/2025\/03\/BARAO-NOVO-NOTICIAS-1-768x175.jpg 768w\" sizes=\"auto, (max-width: 897px) 100vw, 897px\" \/><\/figure>\n\n\n\n<p><\/p>\n\n\n\n<p style=\"font-size:21px\">A Pol\u00edcia Militar de Mallet prendeu um homem por viol\u00eancia dom\u00e9stica na noite deste s\u00e1bado (4), por volta das 22h30, em uma resid\u00eancia localizada na \u00e1rea central da cidade.<\/p>\n\n\n\n<p style=\"font-size:21px\">A ocorr\u00eancia foi atendida por uma equipe do 3\u00ba Pelot\u00e3o, que j\u00e1 havia registrado outro caso semelhante mais cedo, no mesmo dia.<\/p>\n\n\n\n<p style=\"font-size:21px\">De acordo com o boletim policial, a equipe foi acionada ap\u00f3s den\u00fancias de uma briga e de objetos sendo quebrados dentro da casa. Ao chegar ao local, os policiais encontraram um homem que resistiu \u00e0 abordagem, sendo necess\u00e1rio o uso de t\u00e9cnicas de imobiliza\u00e7\u00e3o para cont\u00ea-lo.<\/p>\n\n\n\n<p style=\"font-size:21px\">A v\u00edtima relatou ter sido empurrada e derrubada no ch\u00e3o, al\u00e9m de informar que o agressor teria quebrado pratos e copos durante a discuss\u00e3o.<\/p>\n\n\n\n<p style=\"font-size:21px\">Em cima da mesa, os policiais encontraram uma pequena quantidade de subst\u00e2ncia an\u00e1loga \u00e0 maconha e dois dichavadores. A mulher afirmou que o convivente faz uso da droga.<\/p>\n\n\n\n<p style=\"font-size:21px\">Durante o momento da pris\u00e3o, o homem ainda teria amea\u00e7ado novamente a v\u00edtima. Diante da situa\u00e7\u00e3o, ele foi encaminhado \u00e0 Delegacia de Pol\u00edcia Civil de Mallet para as devidas provid\u00eancias legais.<\/p>\n\n\n\n<p><\/p>\n\n\n\n<figure class=\"wp-block-image size-full\"><img loading=\"lazy\" decoding=\"async\" width=\"897\" height=\"204\" src=\"https:\/\/radiostudiow.com.br\/site\/wp-content\/uploads\/2025\/03\/image-62.png\" alt=\"\" class=\"wp-image-35859\" srcset=\"https:\/\/radiostudiow.com.br\/site\/wp-content\/uploads\/2025\/03\/image-62.png 897w, https:\/\/radiostudiow.com.br\/site\/wp-content\/uploads\/2025\/03\/image-62-300x68.png 300w, https:\/\/radiostudiow.com.br\/site\/wp-content\/uploads\/2025\/03\/image-62-768x175.png 768w\" sizes=\"auto, (max-width: 897px) 100vw, 897px\" \/><\/figure>\n","protected":false},"excerpt":{"rendered":"<p>A Pol\u00edcia Militar de Mallet prendeu um homem por viol\u00eancia dom\u00e9stica na noite deste s\u00e1bado (4), por volta das 22h30, em uma resid\u00eancia localizada na \u00e1rea central da cidade. A ocorr\u00eancia foi atendida por uma equipe do 3\u00ba Pelot\u00e3o, que j\u00e1 havia registrado outro caso semelhante mais cedo, no mesmo dia. De acordo com o [&hellip;]<\/p>\n","protected":false},"author":2,"featured_media":34163,"comment_status":"open","ping_status":"open","sticky":false,"template":"","format":"standard","meta":{"footnotes":""},"categories":[184,2],"tags":[172],"class_list":["post-43214","post","type-post","status-publish","format-standard","has-post-thumbnail","hentry","category-local","category-policial","tag-featured"],"amp_enabled":true,"_links":{"self":[{"href":"https:\/\/radiostudiow.com.br\/site\/wp-json\/wp\/v2\/posts\/43214","targetHints":{"allow":["GET"]}}],"collection":[{"href":"https:\/\/radiostudiow.com.br\/site\/wp-json\/wp\/v2\/posts"}],"about":[{"href":"https:\/\/radiostudiow.com.br\/site\/wp-json\/wp\/v2\/types\/post"}],"author":[{"embeddable":true,"href":"https:\/\/radiostudiow.com.br\/site\/wp-json\/wp\/v2\/users\/2"}],"replies":[{"embeddable":true,"href":"https:\/\/radiostudiow.com.br\/site\/wp-json\/wp\/v2\/comments?post=43214"}],"version-history":[{"count":1,"href":"https:\/\/radiostudiow.com.br\/site\/wp-json\/wp\/v2\/posts\/43214\/revisions"}],"predecessor-version":[{"id":43215,"href":"https:\/\/radiostudiow.com.br\/site\/wp-json\/wp\/v2\/posts\/43214\/revisions\/43215"}],"wp:featuredmedia":[{"embeddable":true,"href":"https:\/\/radiostudiow.com.br\/site\/wp-json\/wp\/v2\/media\/34163"}],"wp:attachment":[{"href":"https:\/\/radiostudiow.com.br\/site\/wp-json\/wp\/v2\/media?parent=43214"}],"wp:term":[{"taxonomy":"category","embeddable":true,"href":"https:\/\/radiostudiow.com.br\/site\/wp-json\/wp\/v2\/categories?post=43214"},{"taxonomy":"post_tag","embeddable":true,"href":"https:\/\/radiostudiow.com.br\/site\/wp-json\/wp\/v2\/tags?post=43214"}],"curies":[{"name":"wp","href":"https:\/\/api.w.org\/{rel}","templated":true}]}}