{"id":43250,"date":"2025-10-06T11:31:02","date_gmt":"2025-10-06T14:31:02","guid":{"rendered":"https:\/\/radiostudiow.com.br\/site\/?p=43250"},"modified":"2025-10-06T11:31:03","modified_gmt":"2025-10-06T14:31:03","slug":"disparos-de-arma-de-fogo-levam-a-prisao-de-tres-homens-e-apreensao-de-pistola-em-uniao-da-vitoria","status":"publish","type":"post","link":"https:\/\/radiostudiow.com.br\/site\/2025\/10\/06\/disparos-de-arma-de-fogo-levam-a-prisao-de-tres-homens-e-apreensao-de-pistola-em-uniao-da-vitoria\/","title":{"rendered":"Disparos de arma de fogo levam \u00e0 pris\u00e3o de tr\u00eas homens e apreens\u00e3o de pistola em Uni\u00e3o da Vit\u00f3ria"},"content":{"rendered":"\n<p>Tr\u00eas homens foram presos e uma arma de fogo foi apreendida no bairro Limeira, em Uni\u00e3o da Vit\u00f3ria por volta das 08h30min na manh\u00e3 deste domingo (05).\u00a0A a\u00e7\u00e3o da Pol\u00edcia Militar ocorreu ap\u00f3s den\u00fancias de disparos de arma de fogo em uma resid\u00eancia.<\/p>\n\n\n\n<p>A equipe RPA (R\u00e1dio Patrulha Auto) recebeu informa\u00e7\u00f5es de que estava ocorrendo disparos em uma casa do bairro.<\/p>\n\n\n\n<figure class=\"wp-block-image size-full\"><img loading=\"lazy\" decoding=\"async\" width=\"897\" height=\"204\" src=\"https:\/\/radiostudiow.com.br\/site\/wp-content\/uploads\/2024\/01\/SITE-GRANDE3.png\" alt=\"zaions\" class=\"wp-image-18936\" srcset=\"https:\/\/radiostudiow.com.br\/site\/wp-content\/uploads\/2024\/01\/SITE-GRANDE3.png 897w, https:\/\/radiostudiow.com.br\/site\/wp-content\/uploads\/2024\/01\/SITE-GRANDE3-300x68.png 300w, https:\/\/radiostudiow.com.br\/site\/wp-content\/uploads\/2024\/01\/SITE-GRANDE3-768x175.png 768w\" sizes=\"auto, (max-width: 897px) 100vw, 897px\" \/><\/figure>\n\n\n\n<p>Diante da den\u00fancia, os policiais se deslocaram para o local e, ap\u00f3s dilig\u00eancias, conseguiram localizar uma arma de fogo.<\/p>\n\n\n\n<p>Foi apreendida uma pistola calibre .380, marca Taurus, juntamente com diversas muni\u00e7\u00f5es. Tr\u00eas homens que estavam na resid\u00eancia foram detidos e encaminhados \u00e0 4\u00aa Subdivis\u00e3o Policial (4\u00aa SDP) para as provid\u00eancias legais cab\u00edveis.<\/p>\n","protected":false},"excerpt":{"rendered":"<p>Tr\u00eas homens foram presos e uma arma de fogo foi apreendida no bairro Limeira, em Uni\u00e3o da Vit\u00f3ria por volta das 08h30min na manh\u00e3 deste domingo (05).\u00a0A a\u00e7\u00e3o da Pol\u00edcia Militar ocorreu ap\u00f3s den\u00fancias de disparos de arma de fogo em uma resid\u00eancia. A equipe RPA (R\u00e1dio Patrulha Auto) recebeu informa\u00e7\u00f5es de que estava ocorrendo [&hellip;]<\/p>\n","protected":false},"author":2,"featured_media":43251,"comment_status":"open","ping_status":"open","sticky":false,"template":"","format":"standard","meta":{"footnotes":""},"categories":[2],"tags":[172],"class_list":["post-43250","post","type-post","status-publish","format-standard","has-post-thumbnail","hentry","category-policial","tag-featured"],"amp_enabled":true,"_links":{"self":[{"href":"https:\/\/radiostudiow.com.br\/site\/wp-json\/wp\/v2\/posts\/43250","targetHints":{"allow":["GET"]}}],"collection":[{"href":"https:\/\/radiostudiow.com.br\/site\/wp-json\/wp\/v2\/posts"}],"about":[{"href":"https:\/\/radiostudiow.com.br\/site\/wp-json\/wp\/v2\/types\/post"}],"author":[{"embeddable":true,"href":"https:\/\/radiostudiow.com.br\/site\/wp-json\/wp\/v2\/users\/2"}],"replies":[{"embeddable":true,"href":"https:\/\/radiostudiow.com.br\/site\/wp-json\/wp\/v2\/comments?post=43250"}],"version-history":[{"count":3,"href":"https:\/\/radiostudiow.com.br\/site\/wp-json\/wp\/v2\/posts\/43250\/revisions"}],"predecessor-version":[{"id":43266,"href":"https:\/\/radiostudiow.com.br\/site\/wp-json\/wp\/v2\/posts\/43250\/revisions\/43266"}],"wp:featuredmedia":[{"embeddable":true,"href":"https:\/\/radiostudiow.com.br\/site\/wp-json\/wp\/v2\/media\/43251"}],"wp:attachment":[{"href":"https:\/\/radiostudiow.com.br\/site\/wp-json\/wp\/v2\/media?parent=43250"}],"wp:term":[{"taxonomy":"category","embeddable":true,"href":"https:\/\/radiostudiow.com.br\/site\/wp-json\/wp\/v2\/categories?post=43250"},{"taxonomy":"post_tag","embeddable":true,"href":"https:\/\/radiostudiow.com.br\/site\/wp-json\/wp\/v2\/tags?post=43250"}],"curies":[{"name":"wp","href":"https:\/\/api.w.org\/{rel}","templated":true}]}}