{"id":43269,"date":"2025-10-06T11:52:07","date_gmt":"2025-10-06T14:52:07","guid":{"rendered":"https:\/\/radiostudiow.com.br\/site\/?p=43269"},"modified":"2025-10-06T11:52:07","modified_gmt":"2025-10-06T14:52:07","slug":"homem-e-preso-por-embriaguez-apos-atropelar-menina-e-fugir-em-sao-mateus-do-sul","status":"publish","type":"post","link":"https:\/\/radiostudiow.com.br\/site\/2025\/10\/06\/homem-e-preso-por-embriaguez-apos-atropelar-menina-e-fugir-em-sao-mateus-do-sul\/","title":{"rendered":"Homem \u00e9 preso por embriaguez ap\u00f3s atropelar menina e fugir em\u00a0S\u00e3o Mateus do Sul"},"content":{"rendered":"\n<figure class=\"wp-block-image size-full\"><img loading=\"lazy\" decoding=\"async\" width=\"598\" height=\"204\" src=\"https:\/\/radiostudiow.com.br\/site\/wp-content\/uploads\/2024\/01\/SITE-MEDIO.png\" alt=\"\" class=\"wp-image-18916\" srcset=\"https:\/\/radiostudiow.com.br\/site\/wp-content\/uploads\/2024\/01\/SITE-MEDIO.png 598w, https:\/\/radiostudiow.com.br\/site\/wp-content\/uploads\/2024\/01\/SITE-MEDIO-300x102.png 300w\" sizes=\"auto, (max-width: 598px) 100vw, 598px\" \/><\/figure>\n\n\n\n<p>Uma crian\u00e7a de 9 anos foi atropelada nas proximidades da cooperativa Koiama, em\u00a0S\u00e3o Mateus do Sul nesse domingo (05), De acordo com informa\u00e7\u00f5es apuradas, a crian\u00e7a recebeu os primeiros socorros de familiares e foi levada ao\u00a0Pronto Atendimento Municipal.<\/p>\n\n\n\n<p>Devido \u00e0 gravidade dos ferimentos, o\u00a0Servi\u00e7o de Atendimento M\u00f3vel de Urg\u00eancia (Samu)\u00a0realizou a transfer\u00eancia da v\u00edtima para um hospital em\u00a0Curitiba.<\/p>\n\n\n\n<p>Informa\u00e7\u00f5es extraoficiais apontam que o estado de sa\u00fade da menina \u00e9 considerado\u00a0grav\u00edssimo, e que ela est\u00e1 internada com\u00a0aux\u00edlio de aparelhos respirat\u00f3rios.<\/p>\n\n\n\n<figure class=\"wp-block-image size-full\"><img loading=\"lazy\" decoding=\"async\" width=\"300\" height=\"180\" src=\"https:\/\/radiostudiow.com.br\/site\/wp-content\/uploads\/2025\/05\/VANE.png\" alt=\"\" class=\"wp-image-38014\"\/><\/figure>\n\n\n\n<p>Inicialmente, o motorista respons\u00e1vel pelo atropelamento havia\u00a0fugido do local sem prestar socorro. A\u00a0Pol\u00edcia Militar\u00a0realizou buscas na regi\u00e3o na tentativa de localiz\u00e1-lo.<\/p>\n\n\n\n<p>Segundo a PM, o condutor\u00a0apresentou-se espontaneamente\u00a0\u00e0 sede da corpora\u00e7\u00e3o ap\u00f3s ter deixado o local do atropelamento.<\/p>\n\n\n\n<p>Ele foi submetido ao\u00a0teste do baf\u00f4metro, que apontou\u00a0resultado positivo para consumo de \u00e1lcool.<\/p>\n\n\n\n<p>Diante disso, o motorista foi\u00a0preso\u00a0e encaminhado \u00e0\u00a0Delegacia de Pol\u00edcia Civil, onde deve responder pelos crimes de\u00a0omiss\u00e3o de socorro\u00a0e\u00a0dire\u00e7\u00e3o sob efeito de \u00e1lcool.<\/p>\n\n\n\n<p>A\u00a0Pol\u00edcia Militar\u00a0refor\u00e7ou a import\u00e2ncia de que motoristas\u00a0nunca abandonem v\u00edtimas\u00a0em acidentes de tr\u00e2nsito e destacou que\u00a0a omiss\u00e3o de socorro \u00e9 crime previsto em lei.<\/p>\n","protected":false},"excerpt":{"rendered":"<p>Uma crian\u00e7a de 9 anos foi atropelada nas proximidades da cooperativa Koiama, em\u00a0S\u00e3o Mateus do Sul nesse domingo (05), De acordo com informa\u00e7\u00f5es apuradas, a crian\u00e7a recebeu os primeiros socorros de familiares e foi levada ao\u00a0Pronto Atendimento Municipal. Devido \u00e0 gravidade dos ferimentos, o\u00a0Servi\u00e7o de Atendimento M\u00f3vel de Urg\u00eancia (Samu)\u00a0realizou a transfer\u00eancia da v\u00edtima para [&hellip;]<\/p>\n","protected":false},"author":2,"featured_media":10918,"comment_status":"open","ping_status":"open","sticky":false,"template":"","format":"standard","meta":{"footnotes":""},"categories":[2],"tags":[172],"class_list":["post-43269","post","type-post","status-publish","format-standard","has-post-thumbnail","hentry","category-policial","tag-featured"],"amp_enabled":true,"_links":{"self":[{"href":"https:\/\/radiostudiow.com.br\/site\/wp-json\/wp\/v2\/posts\/43269","targetHints":{"allow":["GET"]}}],"collection":[{"href":"https:\/\/radiostudiow.com.br\/site\/wp-json\/wp\/v2\/posts"}],"about":[{"href":"https:\/\/radiostudiow.com.br\/site\/wp-json\/wp\/v2\/types\/post"}],"author":[{"embeddable":true,"href":"https:\/\/radiostudiow.com.br\/site\/wp-json\/wp\/v2\/users\/2"}],"replies":[{"embeddable":true,"href":"https:\/\/radiostudiow.com.br\/site\/wp-json\/wp\/v2\/comments?post=43269"}],"version-history":[{"count":1,"href":"https:\/\/radiostudiow.com.br\/site\/wp-json\/wp\/v2\/posts\/43269\/revisions"}],"predecessor-version":[{"id":43270,"href":"https:\/\/radiostudiow.com.br\/site\/wp-json\/wp\/v2\/posts\/43269\/revisions\/43270"}],"wp:featuredmedia":[{"embeddable":true,"href":"https:\/\/radiostudiow.com.br\/site\/wp-json\/wp\/v2\/media\/10918"}],"wp:attachment":[{"href":"https:\/\/radiostudiow.com.br\/site\/wp-json\/wp\/v2\/media?parent=43269"}],"wp:term":[{"taxonomy":"category","embeddable":true,"href":"https:\/\/radiostudiow.com.br\/site\/wp-json\/wp\/v2\/categories?post=43269"},{"taxonomy":"post_tag","embeddable":true,"href":"https:\/\/radiostudiow.com.br\/site\/wp-json\/wp\/v2\/tags?post=43269"}],"curies":[{"name":"wp","href":"https:\/\/api.w.org\/{rel}","templated":true}]}}