{"id":43275,"date":"2025-10-06T17:49:55","date_gmt":"2025-10-06T20:49:55","guid":{"rendered":"https:\/\/radiostudiow.com.br\/site\/?p=43275"},"modified":"2025-10-06T17:51:55","modified_gmt":"2025-10-06T20:51:55","slug":"jovem-de-rio-azul-capota-veiculo-na-br-153-em-mallet","status":"publish","type":"post","link":"https:\/\/radiostudiow.com.br\/site\/2025\/10\/06\/jovem-de-rio-azul-capota-veiculo-na-br-153-em-mallet\/","title":{"rendered":"Jovem de Rio Azul capota ve\u00edculo na BR-153, em Mallet"},"content":{"rendered":"\n<figure class=\"wp-block-image size-full\"><img loading=\"lazy\" decoding=\"async\" width=\"897\" height=\"204\" src=\"https:\/\/radiostudiow.com.br\/site\/wp-content\/uploads\/2025\/03\/image-62.png\" alt=\"\" class=\"wp-image-35859\" srcset=\"https:\/\/radiostudiow.com.br\/site\/wp-content\/uploads\/2025\/03\/image-62.png 897w, https:\/\/radiostudiow.com.br\/site\/wp-content\/uploads\/2025\/03\/image-62-300x68.png 300w, https:\/\/radiostudiow.com.br\/site\/wp-content\/uploads\/2025\/03\/image-62-768x175.png 768w\" sizes=\"auto, (max-width: 897px) 100vw, 897px\" \/><\/figure>\n\n\n\n<p>Na tarde desta segunda-feira (06), por volta das 14h40, os Brigadistas Comunit\u00e1rios de Mallet, com apoio do 2\u00ba Sargento do Corpo de Bombeiros Militar, Joaquim Pacholok, atenderam a um acidente de tr\u00e2nsito do tipo sa\u00edda de pista seguida de capotamento, ocorrido no km 384 da BR-153, no munic\u00edpio de Mallet.<\/p>\n\n\n\n<p>O local do acidente, uma curva conhecida por registrar diversos sinistros ao longo dos anos, voltou a ser palco de mais um epis\u00f3dio. O ve\u00edculo envolvido, um Renault Clio Sedan com placas Mercosul, era conduzido por um jovem de 19 anos, morador de Rio Azul, que viajava sozinho no momento do ocorrido.<\/p>\n\n\n\n<figure class=\"wp-block-gallery has-nested-images columns-default is-cropped wp-block-gallery-1 is-layout-flex wp-block-gallery-is-layout-flex\">\n<figure class=\"wp-block-image size-large\"><img loading=\"lazy\" decoding=\"async\" width=\"300\" height=\"180\" data-id=\"41962\" src=\"https:\/\/radiostudiow.com.br\/site\/wp-content\/uploads\/2025\/08\/LILO.png\" alt=\"\" class=\"wp-image-41962\"\/><\/figure>\n\n\n\n<figure class=\"wp-block-image size-large\"><img loading=\"lazy\" decoding=\"async\" width=\"1024\" height=\"614\" data-id=\"38784\" src=\"https:\/\/radiostudiow.com.br\/site\/wp-content\/uploads\/2025\/05\/5914fcac-c2b4-4795-a120-dc162c4a6466-1024x614.jpg\" alt=\"\" class=\"wp-image-38784\" srcset=\"https:\/\/radiostudiow.com.br\/site\/wp-content\/uploads\/2025\/05\/5914fcac-c2b4-4795-a120-dc162c4a6466-1024x614.jpg 1024w, https:\/\/radiostudiow.com.br\/site\/wp-content\/uploads\/2025\/05\/5914fcac-c2b4-4795-a120-dc162c4a6466-300x180.jpg 300w, https:\/\/radiostudiow.com.br\/site\/wp-content\/uploads\/2025\/05\/5914fcac-c2b4-4795-a120-dc162c4a6466-768x460.jpg 768w, https:\/\/radiostudiow.com.br\/site\/wp-content\/uploads\/2025\/05\/5914fcac-c2b4-4795-a120-dc162c4a6466-1536x921.jpg 1536w, https:\/\/radiostudiow.com.br\/site\/wp-content\/uploads\/2025\/05\/5914fcac-c2b4-4795-a120-dc162c4a6466-1000x600.jpg 1000w, https:\/\/radiostudiow.com.br\/site\/wp-content\/uploads\/2025\/05\/5914fcac-c2b4-4795-a120-dc162c4a6466-590x354.jpg 590w, https:\/\/radiostudiow.com.br\/site\/wp-content\/uploads\/2025\/05\/5914fcac-c2b4-4795-a120-dc162c4a6466-400x240.jpg 400w, https:\/\/radiostudiow.com.br\/site\/wp-content\/uploads\/2025\/05\/5914fcac-c2b4-4795-a120-dc162c4a6466.jpg 1600w\" sizes=\"auto, (max-width: 1024px) 100vw, 1024px\" \/><\/figure>\n<\/figure>\n\n\n\n<p>De acordo com o relato do motorista, um caminh\u00e3o que trafegava no sentido contr\u00e1rio teria feito a curva de forma mais fechada, invadindo parcialmente sua pista. Ao desviar para evitar a colis\u00e3o, o jovem acabou saindo da via e perdendo o controle do autom\u00f3vel, que capotou \u00e0s margens da rodovia.<\/p>\n\n\n\n<p>Os brigadistas constataram que o condutor apresentava ferimentos leves. Mesmo ap\u00f3s a recomenda\u00e7\u00e3o da equipe para ser encaminhado ao Hospital de Caridade S\u00e3o Pedro, em Mallet, o rapaz recusou atendimento m\u00e9dico.<\/p>\n\n\n\n<p>A Pol\u00edcia Militar do 3\u00ba Pelot\u00e3o de Mallet esteve presente no local, prestando apoio e garantindo a seguran\u00e7a durante o atendimento da ocorr\u00eancia.<\/p>\n\n\n\n<figure class=\"wp-block-gallery has-nested-images columns-default is-cropped wp-block-gallery-2 is-layout-flex wp-block-gallery-is-layout-flex\">\n<figure class=\"wp-block-image size-large\"><img loading=\"lazy\" decoding=\"async\" width=\"461\" height=\"1024\" data-id=\"43278\" src=\"https:\/\/radiostudiow.com.br\/site\/wp-content\/uploads\/2025\/10\/image-13-461x1024.png\" alt=\"\" class=\"wp-image-43278\" srcset=\"https:\/\/radiostudiow.com.br\/site\/wp-content\/uploads\/2025\/10\/image-13-461x1024.png 461w, https:\/\/radiostudiow.com.br\/site\/wp-content\/uploads\/2025\/10\/image-13-135x300.png 135w, https:\/\/radiostudiow.com.br\/site\/wp-content\/uploads\/2025\/10\/image-13.png 540w\" sizes=\"auto, (max-width: 461px) 100vw, 461px\" \/><\/figure>\n\n\n\n<figure class=\"wp-block-image size-large\"><img loading=\"lazy\" decoding=\"async\" width=\"576\" height=\"1024\" data-id=\"43277\" src=\"https:\/\/radiostudiow.com.br\/site\/wp-content\/uploads\/2025\/10\/image-12-576x1024.png\" alt=\"\" class=\"wp-image-43277\" srcset=\"https:\/\/radiostudiow.com.br\/site\/wp-content\/uploads\/2025\/10\/image-12-576x1024.png 576w, https:\/\/radiostudiow.com.br\/site\/wp-content\/uploads\/2025\/10\/image-12-169x300.png 169w, https:\/\/radiostudiow.com.br\/site\/wp-content\/uploads\/2025\/10\/image-12.png 720w\" sizes=\"auto, (max-width: 576px) 100vw, 576px\" \/><\/figure>\n\n\n\n<figure class=\"wp-block-image size-large\"><img loading=\"lazy\" decoding=\"async\" width=\"576\" height=\"1024\" data-id=\"43276\" src=\"https:\/\/radiostudiow.com.br\/site\/wp-content\/uploads\/2025\/10\/image-11-576x1024.png\" alt=\"\" class=\"wp-image-43276\" srcset=\"https:\/\/radiostudiow.com.br\/site\/wp-content\/uploads\/2025\/10\/image-11-576x1024.png 576w, https:\/\/radiostudiow.com.br\/site\/wp-content\/uploads\/2025\/10\/image-11-169x300.png 169w, https:\/\/radiostudiow.com.br\/site\/wp-content\/uploads\/2025\/10\/image-11.png 720w\" sizes=\"auto, (max-width: 576px) 100vw, 576px\" \/><\/figure>\n<\/figure>\n","protected":false},"excerpt":{"rendered":"<p>Na tarde desta segunda-feira (06), por volta das 14h40, os Brigadistas Comunit\u00e1rios de Mallet, com apoio do 2\u00ba Sargento do Corpo de Bombeiros Militar, Joaquim Pacholok, atenderam a um acidente de tr\u00e2nsito do tipo sa\u00edda de pista seguida de capotamento, ocorrido no km 384 da BR-153, no munic\u00edpio de Mallet. O local do acidente, uma [&hellip;]<\/p>\n","protected":false},"author":2,"featured_media":43280,"comment_status":"open","ping_status":"open","sticky":false,"template":"","format":"standard","meta":{"footnotes":""},"categories":[184],"tags":[172],"class_list":["post-43275","post","type-post","status-publish","format-standard","has-post-thumbnail","hentry","category-local","tag-featured"],"amp_enabled":true,"_links":{"self":[{"href":"https:\/\/radiostudiow.com.br\/site\/wp-json\/wp\/v2\/posts\/43275","targetHints":{"allow":["GET"]}}],"collection":[{"href":"https:\/\/radiostudiow.com.br\/site\/wp-json\/wp\/v2\/posts"}],"about":[{"href":"https:\/\/radiostudiow.com.br\/site\/wp-json\/wp\/v2\/types\/post"}],"author":[{"embeddable":true,"href":"https:\/\/radiostudiow.com.br\/site\/wp-json\/wp\/v2\/users\/2"}],"replies":[{"embeddable":true,"href":"https:\/\/radiostudiow.com.br\/site\/wp-json\/wp\/v2\/comments?post=43275"}],"version-history":[{"count":1,"href":"https:\/\/radiostudiow.com.br\/site\/wp-json\/wp\/v2\/posts\/43275\/revisions"}],"predecessor-version":[{"id":43279,"href":"https:\/\/radiostudiow.com.br\/site\/wp-json\/wp\/v2\/posts\/43275\/revisions\/43279"}],"wp:featuredmedia":[{"embeddable":true,"href":"https:\/\/radiostudiow.com.br\/site\/wp-json\/wp\/v2\/media\/43280"}],"wp:attachment":[{"href":"https:\/\/radiostudiow.com.br\/site\/wp-json\/wp\/v2\/media?parent=43275"}],"wp:term":[{"taxonomy":"category","embeddable":true,"href":"https:\/\/radiostudiow.com.br\/site\/wp-json\/wp\/v2\/categories?post=43275"},{"taxonomy":"post_tag","embeddable":true,"href":"https:\/\/radiostudiow.com.br\/site\/wp-json\/wp\/v2\/tags?post=43275"}],"curies":[{"name":"wp","href":"https:\/\/api.w.org\/{rel}","templated":true}]}}