{"id":43281,"date":"2025-10-06T18:03:10","date_gmt":"2025-10-06T21:03:10","guid":{"rendered":"https:\/\/radiostudiow.com.br\/site\/?p=43281"},"modified":"2025-10-06T18:03:10","modified_gmt":"2025-10-06T21:03:10","slug":"incendio-atinge-materiais-reciclaveis-e-casa-abandonada-em-mallet","status":"publish","type":"post","link":"https:\/\/radiostudiow.com.br\/site\/2025\/10\/06\/incendio-atinge-materiais-reciclaveis-e-casa-abandonada-em-mallet\/","title":{"rendered":"INC\u00caNDIO ATINGE MATERIAIS RECICL\u00c1VEIS E CASA ABANDONADA EM MALLET"},"content":{"rendered":"\n<figure class=\"wp-block-image size-full\"><img loading=\"lazy\" decoding=\"async\" width=\"598\" height=\"204\" src=\"https:\/\/radiostudiow.com.br\/site\/wp-content\/uploads\/2025\/04\/BOROX.png\" alt=\"\" class=\"wp-image-37229\" srcset=\"https:\/\/radiostudiow.com.br\/site\/wp-content\/uploads\/2025\/04\/BOROX.png 598w, https:\/\/radiostudiow.com.br\/site\/wp-content\/uploads\/2025\/04\/BOROX-300x102.png 300w\" sizes=\"auto, (max-width: 598px) 100vw, 598px\" \/><\/figure>\n\n\n\n<p>Um inc\u00eandio mobilizou os Brigadistas Comunit\u00e1rios de Mallet na noite deste domingo (05), por volta das 20h50, no prolongamento da Rua XV de Novembro, nas proximidades do Est\u00e1dio Municipal.<\/p>\n\n\n\n<p>De acordo com as informa\u00e7\u00f5es, o fogo atingiu um barrac\u00e3o onde havia materiais recicl\u00e1veis e tamb\u00e9m se espalhou para uma resid\u00eancia abandonada pr\u00f3xima ao local.<\/p>\n\n\n\n<p>A equipe realizou o combate completo das chamas, seguido do trabalho de rescaldo, garantindo que n\u00e3o houvesse risco de reigni\u00e7\u00e3o.<\/p>\n\n\n\n<p>Durante a ocorr\u00eancia, n\u00e3o foram localizados ocupantes nas edifica\u00e7\u00f5es atingidas. As causas do inc\u00eandio n\u00e3o foram informadas.<\/p>\n\n\n\n<figure class=\"wp-block-image size-full\"><img loading=\"lazy\" decoding=\"async\" width=\"1024\" height=\"591\" src=\"https:\/\/radiostudiow.com.br\/site\/wp-content\/uploads\/2025\/09\/CASA-DO-CRIADOR.png\" alt=\"\" class=\"wp-image-42859\" srcset=\"https:\/\/radiostudiow.com.br\/site\/wp-content\/uploads\/2025\/09\/CASA-DO-CRIADOR.png 1024w, https:\/\/radiostudiow.com.br\/site\/wp-content\/uploads\/2025\/09\/CASA-DO-CRIADOR-300x173.png 300w, https:\/\/radiostudiow.com.br\/site\/wp-content\/uploads\/2025\/09\/CASA-DO-CRIADOR-768x443.png 768w\" sizes=\"auto, (max-width: 1024px) 100vw, 1024px\" \/><\/figure>\n\n\n\n<figure class=\"wp-block-video\"><video height=\"1080\" style=\"aspect-ratio: 1920 \/ 1080;\" width=\"1920\" controls src=\"https:\/\/radiostudiow.com.br\/site\/wp-content\/uploads\/2025\/10\/FOGO.mp4\"><\/video><\/figure>\n","protected":false},"excerpt":{"rendered":"<p>Um inc\u00eandio mobilizou os Brigadistas Comunit\u00e1rios de Mallet na noite deste domingo (05), por volta das 20h50, no prolongamento da Rua XV de Novembro, nas proximidades do Est\u00e1dio Municipal. De acordo com as informa\u00e7\u00f5es, o fogo atingiu um barrac\u00e3o onde havia materiais recicl\u00e1veis e tamb\u00e9m se espalhou para uma resid\u00eancia abandonada pr\u00f3xima ao local. A [&hellip;]<\/p>\n","protected":false},"author":2,"featured_media":43283,"comment_status":"open","ping_status":"open","sticky":false,"template":"","format":"standard","meta":{"footnotes":""},"categories":[184],"tags":[172],"class_list":["post-43281","post","type-post","status-publish","format-standard","has-post-thumbnail","hentry","category-local","tag-featured"],"amp_enabled":true,"_links":{"self":[{"href":"https:\/\/radiostudiow.com.br\/site\/wp-json\/wp\/v2\/posts\/43281","targetHints":{"allow":["GET"]}}],"collection":[{"href":"https:\/\/radiostudiow.com.br\/site\/wp-json\/wp\/v2\/posts"}],"about":[{"href":"https:\/\/radiostudiow.com.br\/site\/wp-json\/wp\/v2\/types\/post"}],"author":[{"embeddable":true,"href":"https:\/\/radiostudiow.com.br\/site\/wp-json\/wp\/v2\/users\/2"}],"replies":[{"embeddable":true,"href":"https:\/\/radiostudiow.com.br\/site\/wp-json\/wp\/v2\/comments?post=43281"}],"version-history":[{"count":1,"href":"https:\/\/radiostudiow.com.br\/site\/wp-json\/wp\/v2\/posts\/43281\/revisions"}],"predecessor-version":[{"id":43284,"href":"https:\/\/radiostudiow.com.br\/site\/wp-json\/wp\/v2\/posts\/43281\/revisions\/43284"}],"wp:featuredmedia":[{"embeddable":true,"href":"https:\/\/radiostudiow.com.br\/site\/wp-json\/wp\/v2\/media\/43283"}],"wp:attachment":[{"href":"https:\/\/radiostudiow.com.br\/site\/wp-json\/wp\/v2\/media?parent=43281"}],"wp:term":[{"taxonomy":"category","embeddable":true,"href":"https:\/\/radiostudiow.com.br\/site\/wp-json\/wp\/v2\/categories?post=43281"},{"taxonomy":"post_tag","embeddable":true,"href":"https:\/\/radiostudiow.com.br\/site\/wp-json\/wp\/v2\/tags?post=43281"}],"curies":[{"name":"wp","href":"https:\/\/api.w.org\/{rel}","templated":true}]}}