{"id":43298,"date":"2025-10-07T10:18:47","date_gmt":"2025-10-07T13:18:47","guid":{"rendered":"https:\/\/radiostudiow.com.br\/site\/?p=43298"},"modified":"2025-10-07T10:18:48","modified_gmt":"2025-10-07T13:18:48","slug":"homem-e-preso-em-flagrante-saqueando-caminhao-na-br-153-em-general-carneiro","status":"publish","type":"post","link":"https:\/\/radiostudiow.com.br\/site\/2025\/10\/07\/homem-e-preso-em-flagrante-saqueando-caminhao-na-br-153-em-general-carneiro\/","title":{"rendered":"Homem \u00e9 preso em flagrante saqueando caminh\u00e3o na BR-153 em General Carneiro"},"content":{"rendered":"\n<figure class=\"wp-block-image size-full\"><img loading=\"lazy\" decoding=\"async\" width=\"897\" height=\"204\" src=\"https:\/\/radiostudiow.com.br\/site\/wp-content\/uploads\/2025\/02\/SITE-GRANDE7.png\" alt=\"\" class=\"wp-image-33861\" srcset=\"https:\/\/radiostudiow.com.br\/site\/wp-content\/uploads\/2025\/02\/SITE-GRANDE7.png 897w, https:\/\/radiostudiow.com.br\/site\/wp-content\/uploads\/2025\/02\/SITE-GRANDE7-300x68.png 300w, https:\/\/radiostudiow.com.br\/site\/wp-content\/uploads\/2025\/02\/SITE-GRANDE7-768x175.png 768w\" sizes=\"auto, (max-width: 897px) 100vw, 897px\" \/><\/figure>\n\n\n\n<p>A Pol\u00edcia Militar prendeu em flagrante um homem por saquear um caminh\u00e3o na noite desta segunda-feira, 6, por volta das 22h, nas proximidades do Bul\u00e3o, na Rodovia BR-153, em General Carneiro.<\/p>\n\n\n\n<p>A equipe policial recebeu informa\u00e7\u00f5es de que um caminh\u00e3o estaria sendo saqueado, e que um ve\u00edculo Ford\/Ka estaria envolvido na a\u00e7\u00e3o.\u00a0Ao chegar ao local, os policiais flagraram um homem retirando produtos do caminh\u00e3o e colocando-os no autom\u00f3vel.<\/p>\n\n\n\n<figure class=\"wp-block-image size-full\"><img loading=\"lazy\" decoding=\"async\" width=\"300\" height=\"180\" src=\"https:\/\/radiostudiow.com.br\/site\/wp-content\/uploads\/2025\/04\/AGRODU.png\" alt=\"\" class=\"wp-image-37219\"\/><\/figure>\n\n\n\n<p>O\u00a0suspeito tentou fugir ao perceber a presen\u00e7a da viatura, mas foi rapidamente abordado pela equipe. No interior do ve\u00edculo,\u00a0foram encontradas diversas caixas de alimentos.<\/p>\n\n\n\n<p>Diante do flagrante, o autor foi preso e, juntamente com os produtos apreendidos, foi encaminhado \u00e0 4\u00aa Subdivis\u00e3o Policial (4\u00aa SDP) para as provid\u00eancias legais cab\u00edveis.<\/p>\n\n\n\n<p><a href=\"mailto:?subject=Homem%20%C3%A9%20preso%20em%20flagrante%20saqueando%20caminh%C3%A3o%20na%20BR-153%20em%20General%20Carneiro&amp;body=https:\/\/www.vvale.com.br\/seguranca\/homem-e-preso-em-flagrante-saqueando-caminhao-na-br-153-em-general-carneiro\/\" target=\"_blank\" rel=\"noreferrer noopener\"><\/a><\/p>\n","protected":false},"excerpt":{"rendered":"<p>A Pol\u00edcia Militar prendeu em flagrante um homem por saquear um caminh\u00e3o na noite desta segunda-feira, 6, por volta das 22h, nas proximidades do Bul\u00e3o, na Rodovia BR-153, em General Carneiro. A equipe policial recebeu informa\u00e7\u00f5es de que um caminh\u00e3o estaria sendo saqueado, e que um ve\u00edculo Ford\/Ka estaria envolvido na a\u00e7\u00e3o.\u00a0Ao chegar ao local, [&hellip;]<\/p>\n","protected":false},"author":2,"featured_media":43299,"comment_status":"open","ping_status":"open","sticky":false,"template":"","format":"standard","meta":{"footnotes":""},"categories":[2],"tags":[172],"class_list":["post-43298","post","type-post","status-publish","format-standard","has-post-thumbnail","hentry","category-policial","tag-featured"],"amp_enabled":true,"_links":{"self":[{"href":"https:\/\/radiostudiow.com.br\/site\/wp-json\/wp\/v2\/posts\/43298","targetHints":{"allow":["GET"]}}],"collection":[{"href":"https:\/\/radiostudiow.com.br\/site\/wp-json\/wp\/v2\/posts"}],"about":[{"href":"https:\/\/radiostudiow.com.br\/site\/wp-json\/wp\/v2\/types\/post"}],"author":[{"embeddable":true,"href":"https:\/\/radiostudiow.com.br\/site\/wp-json\/wp\/v2\/users\/2"}],"replies":[{"embeddable":true,"href":"https:\/\/radiostudiow.com.br\/site\/wp-json\/wp\/v2\/comments?post=43298"}],"version-history":[{"count":1,"href":"https:\/\/radiostudiow.com.br\/site\/wp-json\/wp\/v2\/posts\/43298\/revisions"}],"predecessor-version":[{"id":43300,"href":"https:\/\/radiostudiow.com.br\/site\/wp-json\/wp\/v2\/posts\/43298\/revisions\/43300"}],"wp:featuredmedia":[{"embeddable":true,"href":"https:\/\/radiostudiow.com.br\/site\/wp-json\/wp\/v2\/media\/43299"}],"wp:attachment":[{"href":"https:\/\/radiostudiow.com.br\/site\/wp-json\/wp\/v2\/media?parent=43298"}],"wp:term":[{"taxonomy":"category","embeddable":true,"href":"https:\/\/radiostudiow.com.br\/site\/wp-json\/wp\/v2\/categories?post=43298"},{"taxonomy":"post_tag","embeddable":true,"href":"https:\/\/radiostudiow.com.br\/site\/wp-json\/wp\/v2\/tags?post=43298"}],"curies":[{"name":"wp","href":"https:\/\/api.w.org\/{rel}","templated":true}]}}