{"id":43310,"date":"2025-10-07T18:40:52","date_gmt":"2025-10-07T21:40:52","guid":{"rendered":"https:\/\/radiostudiow.com.br\/site\/?p=43310"},"modified":"2025-10-07T18:40:53","modified_gmt":"2025-10-07T21:40:53","slug":"policia-militar-apreende-armas-e-municoes-em-residencia-no-bairro-sao-sebastiao","status":"publish","type":"post","link":"https:\/\/radiostudiow.com.br\/site\/2025\/10\/07\/policia-militar-apreende-armas-e-municoes-em-residencia-no-bairro-sao-sebastiao\/","title":{"rendered":"Pol\u00edcia Militar apreende armas e muni\u00e7\u00f5es em resid\u00eancia no bairro S\u00e3o Sebasti\u00e3o"},"content":{"rendered":"\n<figure class=\"wp-block-image size-full\"><img loading=\"lazy\" decoding=\"async\" width=\"897\" height=\"204\" src=\"https:\/\/radiostudiow.com.br\/site\/wp-content\/uploads\/2025\/05\/NUTRI-MALLET.png\" alt=\"\" class=\"wp-image-37813\" srcset=\"https:\/\/radiostudiow.com.br\/site\/wp-content\/uploads\/2025\/05\/NUTRI-MALLET.png 897w, https:\/\/radiostudiow.com.br\/site\/wp-content\/uploads\/2025\/05\/NUTRI-MALLET-300x68.png 300w, https:\/\/radiostudiow.com.br\/site\/wp-content\/uploads\/2025\/05\/NUTRI-MALLET-768x175.png 768w\" sizes=\"auto, (max-width: 897px) 100vw, 897px\" \/><\/figure>\n\n\n\n<p>A equipe da Pol\u00edcia Militar de Uni\u00e3o da Vit\u00f3ria realizou uma apreens\u00e3o de armas e muni\u00e7\u00f5es em uma resid\u00eancia localizada no bairro S\u00e3o Sebasti\u00e3o por volta das 15 horas dessa segunda-feira (06).<\/p>\n\n\n\n<p>A a\u00e7\u00e3o foi desencadeada ap\u00f3s o recebimento de uma den\u00fancia an\u00f4nima, que levou a equipe policial at\u00e9 o local indicado. Durante a verifica\u00e7\u00e3o, foram encontradas diversas muni\u00e7\u00f5es, quatro armas de fogo e instrumentos utilizados para ca\u00e7a.<\/p>\n\n\n\n<figure class=\"wp-block-image size-full\"><img loading=\"lazy\" decoding=\"async\" width=\"598\" height=\"204\" src=\"https:\/\/radiostudiow.com.br\/site\/wp-content\/uploads\/2024\/10\/labirati.png\" alt=\"\" class=\"wp-image-28854\" srcset=\"https:\/\/radiostudiow.com.br\/site\/wp-content\/uploads\/2024\/10\/labirati.png 598w, https:\/\/radiostudiow.com.br\/site\/wp-content\/uploads\/2024\/10\/labirati-300x102.png 300w\" sizes=\"auto, (max-width: 598px) 100vw, 598px\" \/><\/figure>\n\n\n\n<p>O morador da resid\u00eancia foi detido e, juntamente com todo o material apreendido, encaminhado \u00e0 4\u00aa Subdivis\u00e3o Policial de Uni\u00e3o da Vit\u00f3ria para os procedimentos cab\u00edveis.<\/p>\n\n\n\n<p>A Pol\u00edcia Militar refor\u00e7a a import\u00e2ncia das den\u00fancias an\u00f4nimas, que auxiliam no combate ao crime e na manuten\u00e7\u00e3o da seguran\u00e7a p\u00fablica.<\/p>\n\n\n\n<p class=\"has-text-align-center\"><em>Fonte: 27\u00ba Batalh\u00e3o de Pol\u00edcia Militar \/ Portal Clic Sul News<\/em><\/p>\n","protected":false},"excerpt":{"rendered":"<p>A equipe da Pol\u00edcia Militar de Uni\u00e3o da Vit\u00f3ria realizou uma apreens\u00e3o de armas e muni\u00e7\u00f5es em uma resid\u00eancia localizada no bairro S\u00e3o Sebasti\u00e3o por volta das 15 horas dessa segunda-feira (06). A a\u00e7\u00e3o foi desencadeada ap\u00f3s o recebimento de uma den\u00fancia an\u00f4nima, que levou a equipe policial at\u00e9 o local indicado. Durante a verifica\u00e7\u00e3o, [&hellip;]<\/p>\n","protected":false},"author":2,"featured_media":43311,"comment_status":"open","ping_status":"open","sticky":false,"template":"","format":"standard","meta":{"footnotes":""},"categories":[2],"tags":[172],"class_list":["post-43310","post","type-post","status-publish","format-standard","has-post-thumbnail","hentry","category-policial","tag-featured"],"amp_enabled":false,"_links":{"self":[{"href":"https:\/\/radiostudiow.com.br\/site\/wp-json\/wp\/v2\/posts\/43310","targetHints":{"allow":["GET"]}}],"collection":[{"href":"https:\/\/radiostudiow.com.br\/site\/wp-json\/wp\/v2\/posts"}],"about":[{"href":"https:\/\/radiostudiow.com.br\/site\/wp-json\/wp\/v2\/types\/post"}],"author":[{"embeddable":true,"href":"https:\/\/radiostudiow.com.br\/site\/wp-json\/wp\/v2\/users\/2"}],"replies":[{"embeddable":true,"href":"https:\/\/radiostudiow.com.br\/site\/wp-json\/wp\/v2\/comments?post=43310"}],"version-history":[{"count":1,"href":"https:\/\/radiostudiow.com.br\/site\/wp-json\/wp\/v2\/posts\/43310\/revisions"}],"predecessor-version":[{"id":43312,"href":"https:\/\/radiostudiow.com.br\/site\/wp-json\/wp\/v2\/posts\/43310\/revisions\/43312"}],"wp:featuredmedia":[{"embeddable":true,"href":"https:\/\/radiostudiow.com.br\/site\/wp-json\/wp\/v2\/media\/43311"}],"wp:attachment":[{"href":"https:\/\/radiostudiow.com.br\/site\/wp-json\/wp\/v2\/media?parent=43310"}],"wp:term":[{"taxonomy":"category","embeddable":true,"href":"https:\/\/radiostudiow.com.br\/site\/wp-json\/wp\/v2\/categories?post=43310"},{"taxonomy":"post_tag","embeddable":true,"href":"https:\/\/radiostudiow.com.br\/site\/wp-json\/wp\/v2\/tags?post=43310"}],"curies":[{"name":"wp","href":"https:\/\/api.w.org\/{rel}","templated":true}]}}