{"id":43325,"date":"2025-10-08T09:46:48","date_gmt":"2025-10-08T12:46:48","guid":{"rendered":"https:\/\/radiostudiow.com.br\/site\/?p=43325"},"modified":"2025-10-08T09:46:48","modified_gmt":"2025-10-08T12:46:48","slug":"caminhao-incendiado-vira-alvo-de-furto-em-general-carneiro","status":"publish","type":"post","link":"https:\/\/radiostudiow.com.br\/site\/2025\/10\/08\/caminhao-incendiado-vira-alvo-de-furto-em-general-carneiro\/","title":{"rendered":"Caminh\u00e3o incendiado vira alvo de furto em General Carneiro"},"content":{"rendered":"\n<p>O Corpo de Bombeiros foi acionado no in\u00edcio da noite desta segunda-feira, 6, para atender a um&nbsp;<strong>inc\u00eandio em um ve\u00edculo de carga<\/strong>&nbsp;na Rodovia BR-153, quil\u00f4metro 6, nas proximidades do Posto Fiscal da Cidasc, em General Carneiro.<\/p>\n\n\n\n<p>A guarni\u00e7\u00e3o de&nbsp;<strong>Salto Veloso prestou apoio aos Bombeiros de \u00c1gua Doce<\/strong>&nbsp;no combate \u00e0s chamas.<\/p>\n\n\n\n<p>No local, foi confirmada a ocorr\u00eancia: tratava-se de&nbsp;<strong>uma carreta ba\u00fa carregada com embutidos<\/strong>, que estava completamente em chamas.<\/p>\n\n\n\n<figure class=\"wp-block-image size-full\"><img loading=\"lazy\" decoding=\"async\" width=\"897\" height=\"204\" src=\"https:\/\/radiostudiow.com.br\/site\/wp-content\/uploads\/2025\/02\/SITE-GRANDE7.png\" alt=\"\" class=\"wp-image-33861\" srcset=\"https:\/\/radiostudiow.com.br\/site\/wp-content\/uploads\/2025\/02\/SITE-GRANDE7.png 897w, https:\/\/radiostudiow.com.br\/site\/wp-content\/uploads\/2025\/02\/SITE-GRANDE7-300x68.png 300w, https:\/\/radiostudiow.com.br\/site\/wp-content\/uploads\/2025\/02\/SITE-GRANDE7-768x175.png 768w\" sizes=\"auto, (max-width: 897px) 100vw, 897px\" \/><\/figure>\n\n\n\n<p>O fogo encontrava-se em&nbsp;<strong>fase de desenvolvimento total<\/strong>, atingindo&nbsp;<strong>a cabine, a parte frontal do ba\u00fa e parte da carga<\/strong>, que acabou se espalhando sobre a pista.<\/p>\n\n\n\n<p>Durante a opera\u00e7\u00e3o, foram utilizados aproximadamente&nbsp;<strong>3 mil litros de \u00e1gua<\/strong>&nbsp;para o combate e rescaldo do inc\u00eandio.<\/p>\n\n\n\n<p>Devido aos danos provocados pelas chamas,&nbsp;<strong>n\u00e3o foi poss\u00edvel identificar o modelo nem as placas do ve\u00edculo<\/strong>. O condutor n\u00e3o estava presente, tendo se&nbsp;<strong>evadido antes da chegada das equipes<\/strong>&nbsp;de socorro.<\/p>\n\n\n\n<p>A&nbsp;<strong>Defesa Civil de General Carneiro<\/strong>&nbsp;tamb\u00e9m prestou apoio \u00e0s guarni\u00e7\u00f5es, fornecendo \u00e1gua para o reabastecimento do caminh\u00e3o de combate.<\/p>\n\n\n\n<p>Ap\u00f3s o controle das chamas e a conclus\u00e3o dos procedimentos cab\u00edveis,&nbsp;<strong>a pista foi deixada aos cuidados dos Bombeiros de \u00c1gua Doce<\/strong>, e a equipe de Salto Veloso retornou ao quartel.<\/p>\n\n\n\n<figure class=\"wp-block-image\" id=\"attachment_585474\"><a href=\"https:\/\/www.vvale.com.br\/seguranca\/fogo-e-saque-caminhao-incendiado-vira-alvo-de-furto-em-general-carneiro\/attachment\/07102025092103957_g\/\"><img decoding=\"async\" src=\"https:\/\/static5.vvale.com.br\/wp-content\/uploads\/2025\/10\/07102025092103957_g-720x401.jpg\" alt=\"\" class=\"wp-image-585474\"\/><\/a><figcaption class=\"wp-element-caption\"><em>Reprodu\u00e7\u00e3o Ca\u00e7ador Online<br><\/em><\/figcaption><\/figure>\n\n\n\n<figure class=\"wp-block-image size-full\"><img loading=\"lazy\" decoding=\"async\" width=\"598\" height=\"204\" src=\"https:\/\/radiostudiow.com.br\/site\/wp-content\/uploads\/2025\/05\/BEAZY.jpg.png\" alt=\"\" class=\"wp-image-38197\" srcset=\"https:\/\/radiostudiow.com.br\/site\/wp-content\/uploads\/2025\/05\/BEAZY.jpg.png 598w, https:\/\/radiostudiow.com.br\/site\/wp-content\/uploads\/2025\/05\/BEAZY.jpg-300x102.png 300w\" sizes=\"auto, (max-width: 598px) 100vw, 598px\" \/><\/figure>\n\n\n\n<h3 class=\"wp-block-heading\"><strong>Saque \u00e0 carga e pris\u00e3o em flagrante<\/strong><\/h3>\n\n\n\n<p>Enquanto as equipes ainda atuavam no local do inc\u00eandio,&nbsp;<strong>um homem foi preso em flagrante<\/strong>&nbsp;pela&nbsp;<strong>Pol\u00edcia Militar<\/strong>&nbsp;de General Carneiro ao&nbsp;<strong>saquear parte da carga de embutidos<\/strong>&nbsp;espalhada na rodovia.<\/p>\n\n\n\n<p>A ocorr\u00eancia foi registrada por volta das&nbsp;<strong>22h<\/strong>, nas proximidades do&nbsp;<strong>Bul\u00e3o<\/strong>, tamb\u00e9m na BR-153, em General Carneiro.<\/p>\n\n\n\n<p>De acordo com a PM, a equipe recebeu informa\u00e7\u00f5es de que\u00a0<strong>um caminh\u00e3o estava sendo saqueado<\/strong>\u00a0e que um\u00a0<strong>ve\u00edculo Ford\/Ka<\/strong>\u00a0estaria envolvido na a\u00e7\u00e3o. Ao chegar ao local, os policiais flagraram um homem retirando produtos do caminh\u00e3o incendiado e\u00a0<strong>colocando-os dentro do autom\u00f3vel<\/strong>.<\/p>\n\n\n\n<figure class=\"wp-block-image size-full\"><img loading=\"lazy\" decoding=\"async\" width=\"546\" height=\"424\" src=\"https:\/\/radiostudiow.com.br\/site\/wp-content\/uploads\/2025\/10\/image-17.png\" alt=\"\" class=\"wp-image-43299\" srcset=\"https:\/\/radiostudiow.com.br\/site\/wp-content\/uploads\/2025\/10\/image-17.png 546w, https:\/\/radiostudiow.com.br\/site\/wp-content\/uploads\/2025\/10\/image-17-300x233.png 300w\" sizes=\"auto, (max-width: 546px) 100vw, 546px\" \/><\/figure>\n\n\n\n<p>O suspeito tentou fugir ao perceber a aproxima\u00e7\u00e3o da viatura, mas foi&nbsp;<strong>rapidamente abordado<\/strong>&nbsp;pelos policiais. No interior do carro, foram encontradas&nbsp;<strong>diversas caixas de alimentos<\/strong>, supostamente provenientes da carga saqueada.<\/p>\n\n\n\n<p>Diante do flagrante,&nbsp;<strong>o homem foi preso<\/strong>&nbsp;e, juntamente com os produtos apreendidos,&nbsp;<strong>encaminhado \u00e0 4\u00aa Subdivis\u00e3o Policial (4\u00aa SDP)<\/strong>&nbsp;para os procedimentos legais cab\u00edveis.<\/p>\n\n\n\n<figure class=\"wp-block-image\" id=\"attachment_585473\"><a href=\"https:\/\/www.vvale.com.br\/seguranca\/fogo-e-saque-caminhao-incendiado-vira-alvo-de-furto-em-general-carneiro\/attachment\/07102025092103972_g\/\"><img decoding=\"async\" src=\"https:\/\/static5.vvale.com.br\/wp-content\/uploads\/2025\/10\/07102025092103972_g-720x401.jpg\" alt=\"\" class=\"wp-image-585473\"\/><\/a><figcaption class=\"wp-element-caption\"><em>Reprodu\u00e7\u00e3o Ca\u00e7ador Online<\/em><\/figcaption><\/figure>\n","protected":false},"excerpt":{"rendered":"<p>O Corpo de Bombeiros foi acionado no in\u00edcio da noite desta segunda-feira, 6, para atender a um&nbsp;inc\u00eandio em um ve\u00edculo de carga&nbsp;na Rodovia BR-153, quil\u00f4metro 6, nas proximidades do Posto Fiscal da Cidasc, em General Carneiro. A guarni\u00e7\u00e3o de&nbsp;Salto Veloso prestou apoio aos Bombeiros de \u00c1gua Doce&nbsp;no combate \u00e0s chamas. No local, foi confirmada a [&hellip;]<\/p>\n","protected":false},"author":2,"featured_media":43326,"comment_status":"open","ping_status":"open","sticky":false,"template":"","format":"standard","meta":{"footnotes":""},"categories":[2],"tags":[172],"class_list":["post-43325","post","type-post","status-publish","format-standard","has-post-thumbnail","hentry","category-policial","tag-featured"],"amp_enabled":true,"_links":{"self":[{"href":"https:\/\/radiostudiow.com.br\/site\/wp-json\/wp\/v2\/posts\/43325","targetHints":{"allow":["GET"]}}],"collection":[{"href":"https:\/\/radiostudiow.com.br\/site\/wp-json\/wp\/v2\/posts"}],"about":[{"href":"https:\/\/radiostudiow.com.br\/site\/wp-json\/wp\/v2\/types\/post"}],"author":[{"embeddable":true,"href":"https:\/\/radiostudiow.com.br\/site\/wp-json\/wp\/v2\/users\/2"}],"replies":[{"embeddable":true,"href":"https:\/\/radiostudiow.com.br\/site\/wp-json\/wp\/v2\/comments?post=43325"}],"version-history":[{"count":1,"href":"https:\/\/radiostudiow.com.br\/site\/wp-json\/wp\/v2\/posts\/43325\/revisions"}],"predecessor-version":[{"id":43327,"href":"https:\/\/radiostudiow.com.br\/site\/wp-json\/wp\/v2\/posts\/43325\/revisions\/43327"}],"wp:featuredmedia":[{"embeddable":true,"href":"https:\/\/radiostudiow.com.br\/site\/wp-json\/wp\/v2\/media\/43326"}],"wp:attachment":[{"href":"https:\/\/radiostudiow.com.br\/site\/wp-json\/wp\/v2\/media?parent=43325"}],"wp:term":[{"taxonomy":"category","embeddable":true,"href":"https:\/\/radiostudiow.com.br\/site\/wp-json\/wp\/v2\/categories?post=43325"},{"taxonomy":"post_tag","embeddable":true,"href":"https:\/\/radiostudiow.com.br\/site\/wp-json\/wp\/v2\/tags?post=43325"}],"curies":[{"name":"wp","href":"https:\/\/api.w.org\/{rel}","templated":true}]}}