{"id":43338,"date":"2025-10-08T12:01:34","date_gmt":"2025-10-08T15:01:34","guid":{"rendered":"https:\/\/radiostudiow.com.br\/site\/?p=43338"},"modified":"2025-10-08T12:01:34","modified_gmt":"2025-10-08T15:01:34","slug":"caminhao-tomba-sobre-a-ponte-do-rio-potinga-na-br-476-em-sao-mateus-do-sul","status":"publish","type":"post","link":"https:\/\/radiostudiow.com.br\/site\/2025\/10\/08\/caminhao-tomba-sobre-a-ponte-do-rio-potinga-na-br-476-em-sao-mateus-do-sul\/","title":{"rendered":"Caminh\u00e3o tomba sobre a ponte do rio Potinga, na BR-476, em S\u00e3o Mateus do Sul"},"content":{"rendered":"\n<figure class=\"wp-block-image size-full\"><img loading=\"lazy\" decoding=\"async\" width=\"897\" height=\"204\" src=\"https:\/\/radiostudiow.com.br\/site\/wp-content\/uploads\/2025\/01\/SITE-GRANDE3.png\" alt=\"\" class=\"wp-image-32900\" srcset=\"https:\/\/radiostudiow.com.br\/site\/wp-content\/uploads\/2025\/01\/SITE-GRANDE3.png 897w, https:\/\/radiostudiow.com.br\/site\/wp-content\/uploads\/2025\/01\/SITE-GRANDE3-300x68.png 300w, https:\/\/radiostudiow.com.br\/site\/wp-content\/uploads\/2025\/01\/SITE-GRANDE3-768x175.png 768w\" sizes=\"auto, (max-width: 897px) 100vw, 897px\" \/><\/figure>\n\n\n\n<p>Uma carreta tombou na ponte sobre o Rio Potinga, BR-476 entre as cidade de S\u00e3o Mateus do Sul e Uni\u00e3o da Vit\u00f3ria na manh\u00e3 desta quarta-feira (08).<\/p>\n\n\n\n<p>A equipe do Posto Pelanda foram os primeiros a chegar ao local e prestou atendimento ao motorista, o qual felizmente n\u00e3o se feriu.<\/p>\n\n\n\n<p>A Pol\u00edcia Rodovi\u00e1ria Federal (PRF) foi at\u00e9 o local para atender a ocorr\u00eancia e orientar o tr\u00e2nsito.<\/p>\n\n\n\n<p>N\u00e3o repassaram informa\u00e7\u00f5es sobre as causas do acidente. Motoristas que trafegam pela regi\u00e3o devem redobrar a aten\u00e7\u00e3o.<\/p>\n\n\n\n<p class=\"has-text-align-center\"><em>Fonte: Portal RDX<\/em><\/p>\n\n\n\n<figure class=\"wp-block-image size-full\"><img loading=\"lazy\" decoding=\"async\" width=\"300\" height=\"180\" src=\"https:\/\/radiostudiow.com.br\/site\/wp-content\/uploads\/2025\/08\/LILO.png\" alt=\"\" class=\"wp-image-41962\"\/><\/figure>\n","protected":false},"excerpt":{"rendered":"<p>Uma carreta tombou na ponte sobre o Rio Potinga, BR-476 entre as cidade de S\u00e3o Mateus do Sul e Uni\u00e3o da Vit\u00f3ria na manh\u00e3 desta quarta-feira (08). A equipe do Posto Pelanda foram os primeiros a chegar ao local e prestou atendimento ao motorista, o qual felizmente n\u00e3o se feriu. A Pol\u00edcia Rodovi\u00e1ria Federal (PRF) [&hellip;]<\/p>\n","protected":false},"author":2,"featured_media":43339,"comment_status":"open","ping_status":"open","sticky":false,"template":"","format":"standard","meta":{"footnotes":""},"categories":[7],"tags":[172],"class_list":["post-43338","post","type-post","status-publish","format-standard","has-post-thumbnail","hentry","category-geral","tag-featured"],"amp_enabled":true,"_links":{"self":[{"href":"https:\/\/radiostudiow.com.br\/site\/wp-json\/wp\/v2\/posts\/43338","targetHints":{"allow":["GET"]}}],"collection":[{"href":"https:\/\/radiostudiow.com.br\/site\/wp-json\/wp\/v2\/posts"}],"about":[{"href":"https:\/\/radiostudiow.com.br\/site\/wp-json\/wp\/v2\/types\/post"}],"author":[{"embeddable":true,"href":"https:\/\/radiostudiow.com.br\/site\/wp-json\/wp\/v2\/users\/2"}],"replies":[{"embeddable":true,"href":"https:\/\/radiostudiow.com.br\/site\/wp-json\/wp\/v2\/comments?post=43338"}],"version-history":[{"count":1,"href":"https:\/\/radiostudiow.com.br\/site\/wp-json\/wp\/v2\/posts\/43338\/revisions"}],"predecessor-version":[{"id":43340,"href":"https:\/\/radiostudiow.com.br\/site\/wp-json\/wp\/v2\/posts\/43338\/revisions\/43340"}],"wp:featuredmedia":[{"embeddable":true,"href":"https:\/\/radiostudiow.com.br\/site\/wp-json\/wp\/v2\/media\/43339"}],"wp:attachment":[{"href":"https:\/\/radiostudiow.com.br\/site\/wp-json\/wp\/v2\/media?parent=43338"}],"wp:term":[{"taxonomy":"category","embeddable":true,"href":"https:\/\/radiostudiow.com.br\/site\/wp-json\/wp\/v2\/categories?post=43338"},{"taxonomy":"post_tag","embeddable":true,"href":"https:\/\/radiostudiow.com.br\/site\/wp-json\/wp\/v2\/tags?post=43338"}],"curies":[{"name":"wp","href":"https:\/\/api.w.org\/{rel}","templated":true}]}}