{"id":43341,"date":"2025-10-08T12:05:29","date_gmt":"2025-10-08T15:05:29","guid":{"rendered":"https:\/\/radiostudiow.com.br\/site\/?p=43341"},"modified":"2025-10-08T16:27:53","modified_gmt":"2025-10-08T19:27:53","slug":"parana-esta-entre-estados-com-maior-numero-de-devedores-do-auxilio-emergencial","status":"publish","type":"post","link":"https:\/\/radiostudiow.com.br\/site\/2025\/10\/08\/parana-esta-entre-estados-com-maior-numero-de-devedores-do-auxilio-emergencial\/","title":{"rendered":"Paran\u00e1 est\u00e1 entre estados com maior n\u00famero de devedores do Aux\u00edlio Emergencial"},"content":{"rendered":"\n<figure class=\"wp-block-image size-full\"><img loading=\"lazy\" decoding=\"async\" width=\"897\" height=\"204\" src=\"https:\/\/radiostudiow.com.br\/site\/wp-content\/uploads\/2025\/06\/BARROS.png\" alt=\"\" class=\"wp-image-39575\" srcset=\"https:\/\/radiostudiow.com.br\/site\/wp-content\/uploads\/2025\/06\/BARROS.png 897w, https:\/\/radiostudiow.com.br\/site\/wp-content\/uploads\/2025\/06\/BARROS-300x68.png 300w, https:\/\/radiostudiow.com.br\/site\/wp-content\/uploads\/2025\/06\/BARROS-768x175.png 768w\" sizes=\"auto, (max-width: 897px) 100vw, 897px\" \/><\/figure>\n\n\n\n<p class=\"has-text-align-center\"><em>Reda\u00e7\u00e3o Portal RDX<\/em><\/p>\n\n\n\n<p>O Minist\u00e9rio do Desenvolvimento e Assist\u00eancia Social, Fam\u00edlia e Combate \u00e0 Fome (MDS) informou que 177,4 mil fam\u00edlias ter\u00e3o que devolver valores recebidos indevidamente do Aux\u00edlio Emergencial, pago durante a pandemia da&nbsp;Covid-19. O valor a ser restitu\u00eddo para a Uni\u00e3o totaliza&nbsp;<strong>R$ 478,8 milh\u00f5es<\/strong>.<\/p>\n\n\n\n<p>Est\u00e3o fora do processo de cobran\u00e7a as pessoas em situa\u00e7\u00e3o de maior vulnerabilidade, o que inclui: benefici\u00e1rios do Bolsa Fam\u00edlia e inscritos no Cadastro \u00danico, quem recebeu valores inferiores a R$ 1,8 mil ou t\u00eam renda familiar per capita de at\u00e9 dois sal\u00e1rios m\u00ednimos,&nbsp;ou renda mensal familiar de at\u00e9 tr\u00eas sal\u00e1rios m\u00ednimos.<\/p>\n\n\n\n<p>A devolu\u00e7\u00e3o dos valores&nbsp;<strong>se d\u00e1 nos casos em que foram identificadas inconsist\u00eancias como: v\u00ednculo de emprego formal; recebimento de benef\u00edcio previdenci\u00e1rio; renda familiar superior ao limite legal; ou outras situa\u00e7\u00f5es que configuram pagamento indevido.<\/strong><\/p>\n\n\n\n<p>As notifica\u00e7\u00f5es s\u00e3o enviadas por SMS, WhatsApp, e-mail e pelo aplicativo Notifica, com foco nas pessoas com maior capacidade de pagamento e valores mais altos a devolver, conforme crit\u00e9rios do artigo 7\u00ba do&nbsp;<a href=\"https:\/\/www.planalto.gov.br\/ccivil_03\/_ato2019-2022\/2022\/decreto\/d10990.htm\" target=\"_blank\" rel=\"noreferrer noopener\">Decreto n\u00ba 10.990\/2022<\/a>.<\/p>\n\n\n\n<p>Entre os estados com maior n\u00famero de pessoas a restituir valores est\u00e3o S\u00e3o Paulo (55,2 mil), Minas Gerais (21,1 mil), Rio de Janeiro (13,26 mil) e Paran\u00e1 (13,25 mil).<\/p>\n\n\n\n<figure class=\"wp-block-image size-full\"><img loading=\"lazy\" decoding=\"async\" width=\"1024\" height=\"591\" src=\"https:\/\/radiostudiow.com.br\/site\/wp-content\/uploads\/2025\/09\/CASA-DO-CRIADOR.png\" alt=\"\" class=\"wp-image-42859\" srcset=\"https:\/\/radiostudiow.com.br\/site\/wp-content\/uploads\/2025\/09\/CASA-DO-CRIADOR.png 1024w, https:\/\/radiostudiow.com.br\/site\/wp-content\/uploads\/2025\/09\/CASA-DO-CRIADOR-300x173.png 300w, https:\/\/radiostudiow.com.br\/site\/wp-content\/uploads\/2025\/09\/CASA-DO-CRIADOR-768x443.png 768w\" sizes=\"auto, (max-width: 1024px) 100vw, 1024px\" \/><\/figure>\n\n\n\n<h2 class=\"wp-block-heading\" id=\"h-o-que-acontece-com-quem-nao-devolver-o-valor-do-auxilio-emergencial\"><strong>O que acontece com quem n\u00e3o devolver o valor do Aux\u00edlio Emergencial?<\/strong><\/h2>\n\n\n\n<p>O n\u00e3o pagamento dentro do prazo pode resultar em inscri\u00e7\u00e3o na D\u00edvida Ativa da Uni\u00e3o e no Cadastro Informativo de Cr\u00e9ditos n\u00e3o Quitados (Cadin), al\u00e9m da negativa\u00e7\u00e3o em \u00f3rg\u00e3os de prote\u00e7\u00e3o ao cr\u00e9dito.<\/p>\n\n\n\n<p>De acordo com a diretora do Departamento de Aux\u00edlios Descontinuados do MDS, \u00c9rica Feitosa, o ressarcimento deve ser feito diretamente pelo Vejae, via PagTesouro, com op\u00e7\u00f5es de pagamento por PIX, cart\u00e3o de cr\u00e9dito ou boleto\/GRU simples (Banco do Brasil).<\/p>\n\n\n\n<p><strong><em>\u201cO prazo para regulariza\u00e7\u00e3o \u00e9 de at\u00e9 60 dias, contados da notifica\u00e7\u00e3o no sistema, com possibilidade de quita\u00e7\u00e3o \u00e0 vista ou parcelamento em at\u00e9 60 vezes, com parcela m\u00ednima de R$ 50 e sem cobran\u00e7a de juros ou multa\u201d, explicou.<\/em><\/strong><\/p>\n\n\n\n<p>\u00c9rica refor\u00e7ou que o sistema assegura o contradit\u00f3rio e a ampla defesa, permitindo a apresenta\u00e7\u00e3o de recursos pelos cidad\u00e3os que n\u00e3o concordarem com a notifica\u00e7\u00e3o. <em><strong>\u201c\u00c9 essencial que os benefici\u00e1rios acessem o sistema para verificar sua situa\u00e7\u00e3o e prazos aplic\u00e1veis\u201d, destacou.<\/strong><\/em><\/p>\n\n\n\n<p class=\"has-text-align-center\"><em>Reda\u00e7\u00e3o Portal RDX<\/em><\/p>\n","protected":false},"excerpt":{"rendered":"<p>Reda\u00e7\u00e3o Portal RDX O Minist\u00e9rio do Desenvolvimento e Assist\u00eancia Social, Fam\u00edlia e Combate \u00e0 Fome (MDS) informou que 177,4 mil fam\u00edlias ter\u00e3o que devolver valores recebidos indevidamente do Aux\u00edlio Emergencial, pago durante a pandemia da&nbsp;Covid-19. O valor a ser restitu\u00eddo para a Uni\u00e3o totaliza&nbsp;R$ 478,8 milh\u00f5es. Est\u00e3o fora do processo de cobran\u00e7a as pessoas em [&hellip;]<\/p>\n","protected":false},"author":2,"featured_media":43342,"comment_status":"open","ping_status":"open","sticky":false,"template":"","format":"standard","meta":{"footnotes":""},"categories":[7],"tags":[172],"class_list":["post-43341","post","type-post","status-publish","format-standard","has-post-thumbnail","hentry","category-geral","tag-featured"],"amp_enabled":true,"_links":{"self":[{"href":"https:\/\/radiostudiow.com.br\/site\/wp-json\/wp\/v2\/posts\/43341","targetHints":{"allow":["GET"]}}],"collection":[{"href":"https:\/\/radiostudiow.com.br\/site\/wp-json\/wp\/v2\/posts"}],"about":[{"href":"https:\/\/radiostudiow.com.br\/site\/wp-json\/wp\/v2\/types\/post"}],"author":[{"embeddable":true,"href":"https:\/\/radiostudiow.com.br\/site\/wp-json\/wp\/v2\/users\/2"}],"replies":[{"embeddable":true,"href":"https:\/\/radiostudiow.com.br\/site\/wp-json\/wp\/v2\/comments?post=43341"}],"version-history":[{"count":2,"href":"https:\/\/radiostudiow.com.br\/site\/wp-json\/wp\/v2\/posts\/43341\/revisions"}],"predecessor-version":[{"id":43350,"href":"https:\/\/radiostudiow.com.br\/site\/wp-json\/wp\/v2\/posts\/43341\/revisions\/43350"}],"wp:featuredmedia":[{"embeddable":true,"href":"https:\/\/radiostudiow.com.br\/site\/wp-json\/wp\/v2\/media\/43342"}],"wp:attachment":[{"href":"https:\/\/radiostudiow.com.br\/site\/wp-json\/wp\/v2\/media?parent=43341"}],"wp:term":[{"taxonomy":"category","embeddable":true,"href":"https:\/\/radiostudiow.com.br\/site\/wp-json\/wp\/v2\/categories?post=43341"},{"taxonomy":"post_tag","embeddable":true,"href":"https:\/\/radiostudiow.com.br\/site\/wp-json\/wp\/v2\/tags?post=43341"}],"curies":[{"name":"wp","href":"https:\/\/api.w.org\/{rel}","templated":true}]}}