{"id":43353,"date":"2025-10-08T19:06:47","date_gmt":"2025-10-08T22:06:47","guid":{"rendered":"https:\/\/radiostudiow.com.br\/site\/?p=43353"},"modified":"2025-10-08T21:28:07","modified_gmt":"2025-10-09T00:28:07","slug":"apae-de-mallet-convoca-associados-para-assembleia-geral-e-eleicao-da-nova-diretori","status":"publish","type":"post","link":"https:\/\/radiostudiow.com.br\/site\/2025\/10\/08\/apae-de-mallet-convoca-associados-para-assembleia-geral-e-eleicao-da-nova-diretori\/","title":{"rendered":"APAE de Mallet convoca associados para Assembleia Geral e elei\u00e7\u00e3o da nova diretoria"},"content":{"rendered":"\n<figure class=\"wp-block-image size-full\"><img loading=\"lazy\" decoding=\"async\" width=\"897\" height=\"204\" src=\"https:\/\/radiostudiow.com.br\/site\/wp-content\/uploads\/2025\/01\/SITE-GRANDE3.png\" alt=\"\" class=\"wp-image-32900\" srcset=\"https:\/\/radiostudiow.com.br\/site\/wp-content\/uploads\/2025\/01\/SITE-GRANDE3.png 897w, https:\/\/radiostudiow.com.br\/site\/wp-content\/uploads\/2025\/01\/SITE-GRANDE3-300x68.png 300w, https:\/\/radiostudiow.com.br\/site\/wp-content\/uploads\/2025\/01\/SITE-GRANDE3-768x175.png 768w\" sizes=\"auto, (max-width: 897px) 100vw, 897px\" \/><\/figure>\n\n\n\n<p><\/p>\n\n\n\n<p>A Associa\u00e7\u00e3o de Pais e Amigos dos Excepcionais (APAE) de Mallet divulgou edital de convoca\u00e7\u00e3o para a Assembleia Geral Ordin\u00e1ria, que ser\u00e1 realizada no dia 7 de novembro de 2025, \u00e0s 17h30, na sede da entidade, localizada na Rua Andr\u00e9 Berezuk, n\u00ba 167, bairro Jardim Em\u00edlia.<\/p>\n\n\n\n<p>Durante a assembleia, ser\u00e3o apreciados e votados o relat\u00f3rio de atividades da gest\u00e3o 2023\/2025 e as contas referentes aos exerc\u00edcios de 2023 a 2025, com o parecer do Conselho Fiscal.\u00a0<\/p>\n\n\n\n<p class=\"has-medium-font-size\"><strong>Na sequ\u00eancia, ocorrer\u00e1 a elei\u00e7\u00e3o da nova Diretoria Executiva, do Conselho de Administra\u00e7\u00e3o e do Conselho Fiscal, conforme estabelece o Estatuto da APAE.<\/strong><\/p>\n\n\n\n<p><strong>De acordo com o edital, as inscri\u00e7\u00f5es das chapas poder\u00e3o ser realizadas at\u00e9 20 dias antes da data da assembleia, mediante registro na Secretaria da entidade e posterior homologa\u00e7\u00e3o pela Comiss\u00e3o Eleitoral.<\/strong><\/p>\n\n\n\n<p class=\"has-medium-font-size\"><strong>Somente poder\u00e3o participar da forma\u00e7\u00e3o das chapas os associados especiais com frequ\u00eancia m\u00ednima de um ano nos programas da APAE e os associados contribuintes com pelo menos um ano de filia\u00e7\u00e3o, quita\u00e7\u00e3o das obriga\u00e7\u00f5es sociais e, preferencialmente, experi\u00eancia diretiva.<\/strong><\/p>\n\n\n\n<p><\/p>\n\n\n\n<figure class=\"wp-block-image size-full\"><img loading=\"lazy\" decoding=\"async\" width=\"897\" height=\"204\" src=\"https:\/\/radiostudiow.com.br\/site\/wp-content\/uploads\/2025\/03\/image-62.png\" alt=\"\" class=\"wp-image-35859\" srcset=\"https:\/\/radiostudiow.com.br\/site\/wp-content\/uploads\/2025\/03\/image-62.png 897w, https:\/\/radiostudiow.com.br\/site\/wp-content\/uploads\/2025\/03\/image-62-300x68.png 300w, https:\/\/radiostudiow.com.br\/site\/wp-content\/uploads\/2025\/03\/image-62-768x175.png 768w\" sizes=\"auto, (max-width: 897px) 100vw, 897px\" \/><\/figure>\n\n\n\n<p><\/p>\n\n\n\n<p><strong>A assembleia ser\u00e1 instalada em primeira convoca\u00e7\u00e3o com a maioria absoluta dos associados e, caso n\u00e3o haja qu\u00f3rum, em segunda convoca\u00e7\u00e3o meia hora depois, com qualquer n\u00famero de presentes, conforme determina o Estatuto.<\/strong><\/p>\n\n\n\n<p><strong>O edital \u00e9 assinado pela presidente da entidade, Maria Regina Miranda, e foi publicado nesta ter\u00e7a-feira dia 07 de outubro de 2025.<\/strong><\/p>\n\n\n\n<h2 class=\"wp-block-heading\"><strong>CONFIRA ABAIXO O EDITAL DE CONVOCA\u00c7\u00c3O.<\/strong><\/h2>\n\n\n\n<figure class=\"wp-block-image size-large\"><img loading=\"lazy\" decoding=\"async\" width=\"724\" height=\"1024\" src=\"https:\/\/radiostudiow.com.br\/site\/wp-content\/uploads\/2025\/10\/Edital-de-convocacao-eleicao-2025_page-0001-724x1024.jpg\" alt=\"\" class=\"wp-image-43354\" srcset=\"https:\/\/radiostudiow.com.br\/site\/wp-content\/uploads\/2025\/10\/Edital-de-convocacao-eleicao-2025_page-0001-724x1024.jpg 724w, https:\/\/radiostudiow.com.br\/site\/wp-content\/uploads\/2025\/10\/Edital-de-convocacao-eleicao-2025_page-0001-212x300.jpg 212w, https:\/\/radiostudiow.com.br\/site\/wp-content\/uploads\/2025\/10\/Edital-de-convocacao-eleicao-2025_page-0001-768x1086.jpg 768w, https:\/\/radiostudiow.com.br\/site\/wp-content\/uploads\/2025\/10\/Edital-de-convocacao-eleicao-2025_page-0001-1087x1536.jpg 1087w, https:\/\/radiostudiow.com.br\/site\/wp-content\/uploads\/2025\/10\/Edital-de-convocacao-eleicao-2025_page-0001.jpg 1240w\" sizes=\"auto, (max-width: 724px) 100vw, 724px\" \/><\/figure>\n","protected":false},"excerpt":{"rendered":"<p>A Associa\u00e7\u00e3o de Pais e Amigos dos Excepcionais (APAE) de Mallet divulgou edital de convoca\u00e7\u00e3o para a Assembleia Geral Ordin\u00e1ria, que ser\u00e1 realizada no dia 7 de novembro de 2025, \u00e0s 17h30, na sede da entidade, localizada na Rua Andr\u00e9 Berezuk, n\u00ba 167, bairro Jardim Em\u00edlia. Durante a assembleia, ser\u00e3o apreciados e votados o relat\u00f3rio [&hellip;]<\/p>\n","protected":false},"author":2,"featured_media":43359,"comment_status":"open","ping_status":"open","sticky":false,"template":"","format":"standard","meta":{"footnotes":""},"categories":[184],"tags":[172],"class_list":["post-43353","post","type-post","status-publish","format-standard","has-post-thumbnail","hentry","category-local","tag-featured"],"amp_enabled":true,"_links":{"self":[{"href":"https:\/\/radiostudiow.com.br\/site\/wp-json\/wp\/v2\/posts\/43353","targetHints":{"allow":["GET"]}}],"collection":[{"href":"https:\/\/radiostudiow.com.br\/site\/wp-json\/wp\/v2\/posts"}],"about":[{"href":"https:\/\/radiostudiow.com.br\/site\/wp-json\/wp\/v2\/types\/post"}],"author":[{"embeddable":true,"href":"https:\/\/radiostudiow.com.br\/site\/wp-json\/wp\/v2\/users\/2"}],"replies":[{"embeddable":true,"href":"https:\/\/radiostudiow.com.br\/site\/wp-json\/wp\/v2\/comments?post=43353"}],"version-history":[{"count":1,"href":"https:\/\/radiostudiow.com.br\/site\/wp-json\/wp\/v2\/posts\/43353\/revisions"}],"predecessor-version":[{"id":43357,"href":"https:\/\/radiostudiow.com.br\/site\/wp-json\/wp\/v2\/posts\/43353\/revisions\/43357"}],"wp:featuredmedia":[{"embeddable":true,"href":"https:\/\/radiostudiow.com.br\/site\/wp-json\/wp\/v2\/media\/43359"}],"wp:attachment":[{"href":"https:\/\/radiostudiow.com.br\/site\/wp-json\/wp\/v2\/media?parent=43353"}],"wp:term":[{"taxonomy":"category","embeddable":true,"href":"https:\/\/radiostudiow.com.br\/site\/wp-json\/wp\/v2\/categories?post=43353"},{"taxonomy":"post_tag","embeddable":true,"href":"https:\/\/radiostudiow.com.br\/site\/wp-json\/wp\/v2\/tags?post=43353"}],"curies":[{"name":"wp","href":"https:\/\/api.w.org\/{rel}","templated":true}]}}