{"id":43366,"date":"2025-10-09T09:17:34","date_gmt":"2025-10-09T12:17:34","guid":{"rendered":"https:\/\/radiostudiow.com.br\/site\/?p=43366"},"modified":"2025-10-09T09:17:34","modified_gmt":"2025-10-09T12:17:34","slug":"carreta-carregada-com-milho-tomba-na-br-153-na-manha-desta-quinta-feira-em-mallet","status":"publish","type":"post","link":"https:\/\/radiostudiow.com.br\/site\/2025\/10\/09\/carreta-carregada-com-milho-tomba-na-br-153-na-manha-desta-quinta-feira-em-mallet\/","title":{"rendered":"Carreta carregada com milho tomba na BR-153, na manh\u00e3 desta quinta-feira em Mallet"},"content":{"rendered":"\n<figure class=\"wp-block-gallery has-nested-images columns-default is-cropped wp-block-gallery-1 is-layout-flex wp-block-gallery-is-layout-flex\">\n<figure class=\"wp-block-image size-large\"><img loading=\"lazy\" decoding=\"async\" width=\"1024\" height=\"591\" data-id=\"42556\" src=\"https:\/\/radiostudiow.com.br\/site\/wp-content\/uploads\/2025\/09\/image-61.png\" alt=\"\" class=\"wp-image-42556\" srcset=\"https:\/\/radiostudiow.com.br\/site\/wp-content\/uploads\/2025\/09\/image-61.png 1024w, https:\/\/radiostudiow.com.br\/site\/wp-content\/uploads\/2025\/09\/image-61-300x173.png 300w, https:\/\/radiostudiow.com.br\/site\/wp-content\/uploads\/2025\/09\/image-61-768x443.png 768w\" sizes=\"auto, (max-width: 1024px) 100vw, 1024px\" \/><\/figure>\n\n\n\n<figure class=\"wp-block-image size-large\"><img loading=\"lazy\" decoding=\"async\" width=\"1024\" height=\"591\" data-id=\"42859\" src=\"https:\/\/radiostudiow.com.br\/site\/wp-content\/uploads\/2025\/09\/CASA-DO-CRIADOR.png\" alt=\"\" class=\"wp-image-42859\" srcset=\"https:\/\/radiostudiow.com.br\/site\/wp-content\/uploads\/2025\/09\/CASA-DO-CRIADOR.png 1024w, https:\/\/radiostudiow.com.br\/site\/wp-content\/uploads\/2025\/09\/CASA-DO-CRIADOR-300x173.png 300w, https:\/\/radiostudiow.com.br\/site\/wp-content\/uploads\/2025\/09\/CASA-DO-CRIADOR-768x443.png 768w\" sizes=\"auto, (max-width: 1024px) 100vw, 1024px\" \/><\/figure>\n<\/figure>\n\n\n\n<p class=\"has-medium-font-size\">Um acidente foi registrado nas primeiras horas da manh\u00e3 desta quinta-feira, 09 de outubro, na BR-153, nas proximidades do trevo principal de acesso ao munic\u00edpio de Mallet.<\/p>\n\n\n\n<p><strong>Por volta das 06h05, uma carreta Volvo, carregada com milho e emplacada na cidade de Videira (SC), seguia sentido a Paulo Frontin quando, ao iniciar uma descida, o rodado saiu da pista, fazendo com que o ve\u00edculo tombasse \u00e0s margens da rodovia.<\/strong><\/p>\n\n\n\n<figure class=\"wp-block-image size-large\"><img loading=\"lazy\" decoding=\"async\" width=\"1024\" height=\"768\" src=\"https:\/\/radiostudiow.com.br\/site\/wp-content\/uploads\/2025\/10\/218f6281-4f80-4691-a652-0788d589d15d-1024x768.jpg\" alt=\"\" class=\"wp-image-43373\" srcset=\"https:\/\/radiostudiow.com.br\/site\/wp-content\/uploads\/2025\/10\/218f6281-4f80-4691-a652-0788d589d15d-1024x768.jpg 1024w, https:\/\/radiostudiow.com.br\/site\/wp-content\/uploads\/2025\/10\/218f6281-4f80-4691-a652-0788d589d15d-300x225.jpg 300w, https:\/\/radiostudiow.com.br\/site\/wp-content\/uploads\/2025\/10\/218f6281-4f80-4691-a652-0788d589d15d-768x576.jpg 768w, https:\/\/radiostudiow.com.br\/site\/wp-content\/uploads\/2025\/10\/218f6281-4f80-4691-a652-0788d589d15d-1536x1152.jpg 1536w, https:\/\/radiostudiow.com.br\/site\/wp-content\/uploads\/2025\/10\/218f6281-4f80-4691-a652-0788d589d15d.jpg 1600w\" sizes=\"auto, (max-width: 1024px) 100vw, 1024px\" \/><\/figure>\n\n\n\n<figure class=\"wp-block-image size-full\"><img loading=\"lazy\" decoding=\"async\" width=\"897\" height=\"204\" src=\"https:\/\/radiostudiow.com.br\/site\/wp-content\/uploads\/2025\/03\/image-62.png\" alt=\"\" class=\"wp-image-35859\" srcset=\"https:\/\/radiostudiow.com.br\/site\/wp-content\/uploads\/2025\/03\/image-62.png 897w, https:\/\/radiostudiow.com.br\/site\/wp-content\/uploads\/2025\/03\/image-62-300x68.png 300w, https:\/\/radiostudiow.com.br\/site\/wp-content\/uploads\/2025\/03\/image-62-768x175.png 768w\" sizes=\"auto, (max-width: 897px) 100vw, 897px\" \/><\/figure>\n\n\n\n<p><\/p>\n\n\n\n<p class=\"has-medium-font-size\">Os Brigadistas Comunit\u00e1rios de Mallet foram acionados, juntamente com o 2\u00ba Sargento do Corpo de Bombeiros de Irati e respons\u00e1vel pela equipe local, Joaquim Pacholok.<\/p>\n\n\n\n<p style=\"font-size:25px\">Em conversa com a reportagem da <strong>Studio W TV<\/strong>, o sargento informou que, inicialmente, havia a suspeita de que o motorista estivesse preso \u00e0s ferragens. No entanto, ao chegar ao local, a equipe constatou que a v\u00edtima j\u00e1 havia sido retirada do caminh\u00e3o.<\/p>\n\n\n\n<figure class=\"wp-block-image size-large\"><img loading=\"lazy\" decoding=\"async\" width=\"1024\" height=\"768\" src=\"https:\/\/radiostudiow.com.br\/site\/wp-content\/uploads\/2025\/10\/9b235f7a-0632-4754-8c38-813e81f2647c-1024x768.jpg\" alt=\"\" class=\"wp-image-43368\" srcset=\"https:\/\/radiostudiow.com.br\/site\/wp-content\/uploads\/2025\/10\/9b235f7a-0632-4754-8c38-813e81f2647c-1024x768.jpg 1024w, https:\/\/radiostudiow.com.br\/site\/wp-content\/uploads\/2025\/10\/9b235f7a-0632-4754-8c38-813e81f2647c-300x225.jpg 300w, https:\/\/radiostudiow.com.br\/site\/wp-content\/uploads\/2025\/10\/9b235f7a-0632-4754-8c38-813e81f2647c-768x576.jpg 768w, https:\/\/radiostudiow.com.br\/site\/wp-content\/uploads\/2025\/10\/9b235f7a-0632-4754-8c38-813e81f2647c-1536x1152.jpg 1536w, https:\/\/radiostudiow.com.br\/site\/wp-content\/uploads\/2025\/10\/9b235f7a-0632-4754-8c38-813e81f2647c.jpg 1600w\" sizes=\"auto, (max-width: 1024px) 100vw, 1024px\" \/><\/figure>\n\n\n\n<p><\/p>\n\n\n\n<figure class=\"wp-block-image size-full\"><img loading=\"lazy\" decoding=\"async\" width=\"897\" height=\"204\" src=\"https:\/\/radiostudiow.com.br\/site\/wp-content\/uploads\/2025\/06\/BARROS.png\" alt=\"\" class=\"wp-image-39575\" srcset=\"https:\/\/radiostudiow.com.br\/site\/wp-content\/uploads\/2025\/06\/BARROS.png 897w, https:\/\/radiostudiow.com.br\/site\/wp-content\/uploads\/2025\/06\/BARROS-300x68.png 300w, https:\/\/radiostudiow.com.br\/site\/wp-content\/uploads\/2025\/06\/BARROS-768x175.png 768w\" sizes=\"auto, (max-width: 897px) 100vw, 897px\" \/><\/figure>\n\n\n\n<p>O motorista, de 68 anos, apresentava dores e foi avaliado com poss\u00edvel les\u00e3o na clav\u00edcula. Ele recebeu atendimento no local e, ap\u00f3s os primeiros socorros, foi imobilizado e encaminhado pela ambul\u00e2ncia de plant\u00e3o ao Hospital de Caridade S\u00e3o Pedro, em Mallet.<\/p>\n\n\n\n<p>A Pol\u00edcia Rodovi\u00e1ria Federal tamb\u00e9m esteve no local e realizou os procedimentos de praxe relacionados ao acidente.<\/p>\n\n\n\n<p class=\"has-medium-font-size\">O tombamento causou lentid\u00e3o no tr\u00e2nsito por alguns momentos, mas o tr\u00e1fego foi restabelecidoa normal pois a carreta n\u00e3o apresentava risco aos condutores.<\/p>\n\n\n\n<p><\/p>\n\n\n\n<figure class=\"wp-block-image size-large\"><img loading=\"lazy\" decoding=\"async\" width=\"1024\" height=\"768\" src=\"https:\/\/radiostudiow.com.br\/site\/wp-content\/uploads\/2025\/10\/857362e4-9f4e-40e6-b62f-6f44d3779114-1024x768.jpg\" alt=\"\" class=\"wp-image-43369\" srcset=\"https:\/\/radiostudiow.com.br\/site\/wp-content\/uploads\/2025\/10\/857362e4-9f4e-40e6-b62f-6f44d3779114-1024x768.jpg 1024w, https:\/\/radiostudiow.com.br\/site\/wp-content\/uploads\/2025\/10\/857362e4-9f4e-40e6-b62f-6f44d3779114-300x225.jpg 300w, https:\/\/radiostudiow.com.br\/site\/wp-content\/uploads\/2025\/10\/857362e4-9f4e-40e6-b62f-6f44d3779114-768x576.jpg 768w, https:\/\/radiostudiow.com.br\/site\/wp-content\/uploads\/2025\/10\/857362e4-9f4e-40e6-b62f-6f44d3779114-1536x1152.jpg 1536w, https:\/\/radiostudiow.com.br\/site\/wp-content\/uploads\/2025\/10\/857362e4-9f4e-40e6-b62f-6f44d3779114.jpg 1600w\" sizes=\"auto, (max-width: 1024px) 100vw, 1024px\" \/><\/figure>\n\n\n\n<h2 class=\"wp-block-heading\"><\/h2>\n\n\n\n<figure class=\"wp-block-image size-full\"><img loading=\"lazy\" decoding=\"async\" width=\"598\" height=\"204\" src=\"https:\/\/radiostudiow.com.br\/site\/wp-content\/uploads\/2025\/05\/POLAK.png\" alt=\"\" class=\"wp-image-37847\" srcset=\"https:\/\/radiostudiow.com.br\/site\/wp-content\/uploads\/2025\/05\/POLAK.png 598w, https:\/\/radiostudiow.com.br\/site\/wp-content\/uploads\/2025\/05\/POLAK-300x102.png 300w\" sizes=\"auto, (max-width: 598px) 100vw, 598px\" \/><\/figure>\n\n\n\n<p><\/p>\n\n\n\n<p style=\"font-size:28px\"><strong>Acompanhe a reportagem exibida AO VIVO no Plant\u00e3o da sua<\/strong> <strong>Studio W TV<\/strong> clicando no link<\/p>\n\n\n\n<figure class=\"wp-block-image size-full\"><img loading=\"lazy\" decoding=\"async\" width=\"694\" height=\"397\" src=\"https:\/\/radiostudiow.com.br\/site\/wp-content\/uploads\/2025\/10\/140dfbc1-7083-4210-8e8e-6b4bb37f20cc.jpg\" alt=\"\" class=\"wp-image-43371\" srcset=\"https:\/\/radiostudiow.com.br\/site\/wp-content\/uploads\/2025\/10\/140dfbc1-7083-4210-8e8e-6b4bb37f20cc.jpg 694w, https:\/\/radiostudiow.com.br\/site\/wp-content\/uploads\/2025\/10\/140dfbc1-7083-4210-8e8e-6b4bb37f20cc-300x172.jpg 300w\" sizes=\"auto, (max-width: 694px) 100vw, 694px\" \/><\/figure>\n\n\n\n<p style=\"font-size:33px\"><a href=\"https:\/\/www.facebook.com\/share\/v\/15Ki1pUg6Li\"><strong>https:\/\/www.facebook.com\/share\/v\/15Ki1pUg6Li<\/strong><\/a><\/p>\n\n\n\n<p style=\"font-size:21px\"><strong>FONTE: Reda\u00e7\u00e3o Studio W<\/strong><\/p>\n\n\n\n<p><\/p>\n","protected":false},"excerpt":{"rendered":"<p>Um acidente foi registrado nas primeiras horas da manh\u00e3 desta quinta-feira, 09 de outubro, na BR-153, nas proximidades do trevo principal de acesso ao munic\u00edpio de Mallet. Por volta das 06h05, uma carreta Volvo, carregada com milho e emplacada na cidade de Videira (SC), seguia sentido a Paulo Frontin quando, ao iniciar uma descida, o [&hellip;]<\/p>\n","protected":false},"author":2,"featured_media":43372,"comment_status":"open","ping_status":"open","sticky":false,"template":"","format":"standard","meta":{"footnotes":""},"categories":[184],"tags":[172],"class_list":["post-43366","post","type-post","status-publish","format-standard","has-post-thumbnail","hentry","category-local","tag-featured"],"amp_enabled":true,"_links":{"self":[{"href":"https:\/\/radiostudiow.com.br\/site\/wp-json\/wp\/v2\/posts\/43366","targetHints":{"allow":["GET"]}}],"collection":[{"href":"https:\/\/radiostudiow.com.br\/site\/wp-json\/wp\/v2\/posts"}],"about":[{"href":"https:\/\/radiostudiow.com.br\/site\/wp-json\/wp\/v2\/types\/post"}],"author":[{"embeddable":true,"href":"https:\/\/radiostudiow.com.br\/site\/wp-json\/wp\/v2\/users\/2"}],"replies":[{"embeddable":true,"href":"https:\/\/radiostudiow.com.br\/site\/wp-json\/wp\/v2\/comments?post=43366"}],"version-history":[{"count":1,"href":"https:\/\/radiostudiow.com.br\/site\/wp-json\/wp\/v2\/posts\/43366\/revisions"}],"predecessor-version":[{"id":43374,"href":"https:\/\/radiostudiow.com.br\/site\/wp-json\/wp\/v2\/posts\/43366\/revisions\/43374"}],"wp:featuredmedia":[{"embeddable":true,"href":"https:\/\/radiostudiow.com.br\/site\/wp-json\/wp\/v2\/media\/43372"}],"wp:attachment":[{"href":"https:\/\/radiostudiow.com.br\/site\/wp-json\/wp\/v2\/media?parent=43366"}],"wp:term":[{"taxonomy":"category","embeddable":true,"href":"https:\/\/radiostudiow.com.br\/site\/wp-json\/wp\/v2\/categories?post=43366"},{"taxonomy":"post_tag","embeddable":true,"href":"https:\/\/radiostudiow.com.br\/site\/wp-json\/wp\/v2\/tags?post=43366"}],"curies":[{"name":"wp","href":"https:\/\/api.w.org\/{rel}","templated":true}]}}