{"id":4342,"date":"2021-11-05T16:07:05","date_gmt":"2021-11-05T19:07:05","guid":{"rendered":"https:\/\/radiostudiow.com.br\/site\/?p=4342"},"modified":"2025-01-31T15:12:23","modified_gmt":"2025-01-31T18:12:23","slug":"pm-e-acionada-apos-perturbacao-de-sossego-em-mallet","status":"publish","type":"post","link":"https:\/\/radiostudiow.com.br\/site\/2021\/11\/05\/pm-e-acionada-apos-perturbacao-de-sossego-em-mallet\/","title":{"rendered":"PM \u00e9 acionada ap\u00f3s perturba\u00e7\u00e3o de sossego em Mallet"},"content":{"rendered":"\n<p>A equipe da Pol\u00edcia Militar de Mallet compareceu ao bairro Jardim Em\u00edlia ap\u00f3s uma den\u00fancia de perturba\u00e7\u00e3o do sossego por volta das 19:30 horas dessa ter\u00e7a-feira (02).<\/p>\n\n\n\n<p>Os policiais se deslocaram at\u00e9 o local, onde foi constatado que havia som excessivamente alto e entraram em contato com o respons\u00e1vel pela resid\u00eancia.<\/p>\n\n\n\n<p>O mesmo se prontificou a desligar o aparelho de som e finalizar a perturba\u00e7\u00e3o.<\/p>\n\n\n\n<p>Diante da situa\u00e7\u00e3o os policiais orientaram aos envolvidos quanto aos procedimentos cab\u00edveis.<\/p>\n\n\n\n<figure class=\"wp-block-image size-full\"><img decoding=\"async\" src=\"https:\/\/radiostudiow.com.br\/site\/wp-content\/uploads\/2021\/09\/NUTRI-MALLET.jpg\" alt=\"\" class=\"wp-image-3543\"\/><\/figure>\n","protected":false},"excerpt":{"rendered":"<p>A equipe da Pol\u00edcia Militar de Mallet compareceu ao bairro Jardim Em\u00edlia ap\u00f3s uma den\u00fancia de perturba\u00e7\u00e3o do sossego por volta das 19:30 horas dessa ter\u00e7a-feira (02). Os policiais se deslocaram at\u00e9 o local, onde foi constatado que havia som excessivamente alto e entraram em contato com o respons\u00e1vel pela resid\u00eancia. O mesmo se prontificou [&hellip;]<\/p>\n","protected":false},"author":2,"featured_media":4104,"comment_status":"open","ping_status":"open","sticky":false,"template":"","format":"standard","meta":{"footnotes":""},"categories":[2],"tags":[172],"class_list":["post-4342","post","type-post","status-publish","format-standard","has-post-thumbnail","hentry","category-policial","tag-featured"],"amp_enabled":true,"_links":{"self":[{"href":"https:\/\/radiostudiow.com.br\/site\/wp-json\/wp\/v2\/posts\/4342","targetHints":{"allow":["GET"]}}],"collection":[{"href":"https:\/\/radiostudiow.com.br\/site\/wp-json\/wp\/v2\/posts"}],"about":[{"href":"https:\/\/radiostudiow.com.br\/site\/wp-json\/wp\/v2\/types\/post"}],"author":[{"embeddable":true,"href":"https:\/\/radiostudiow.com.br\/site\/wp-json\/wp\/v2\/users\/2"}],"replies":[{"embeddable":true,"href":"https:\/\/radiostudiow.com.br\/site\/wp-json\/wp\/v2\/comments?post=4342"}],"version-history":[{"count":1,"href":"https:\/\/radiostudiow.com.br\/site\/wp-json\/wp\/v2\/posts\/4342\/revisions"}],"predecessor-version":[{"id":4343,"href":"https:\/\/radiostudiow.com.br\/site\/wp-json\/wp\/v2\/posts\/4342\/revisions\/4343"}],"wp:featuredmedia":[{"embeddable":true,"href":"https:\/\/radiostudiow.com.br\/site\/wp-json\/wp\/v2\/media\/4104"}],"wp:attachment":[{"href":"https:\/\/radiostudiow.com.br\/site\/wp-json\/wp\/v2\/media?parent=4342"}],"wp:term":[{"taxonomy":"category","embeddable":true,"href":"https:\/\/radiostudiow.com.br\/site\/wp-json\/wp\/v2\/categories?post=4342"},{"taxonomy":"post_tag","embeddable":true,"href":"https:\/\/radiostudiow.com.br\/site\/wp-json\/wp\/v2\/tags?post=4342"}],"curies":[{"name":"wp","href":"https:\/\/api.w.org\/{rel}","templated":true}]}}