{"id":43438,"date":"2025-10-11T09:32:49","date_gmt":"2025-10-11T12:32:49","guid":{"rendered":"https:\/\/radiostudiow.com.br\/site\/?p=43438"},"modified":"2025-10-11T09:32:49","modified_gmt":"2025-10-11T12:32:49","slug":"policia-militar-de-uniao-da-vitoria-apreende-veiculo-duble-suspeito-de-envolvidmento-em-saque-de-cargas-entre-fluviopolis-e-paulo-frontin","status":"publish","type":"post","link":"https:\/\/radiostudiow.com.br\/site\/2025\/10\/11\/policia-militar-de-uniao-da-vitoria-apreende-veiculo-duble-suspeito-de-envolvidmento-em-saque-de-cargas-entre-fluviopolis-e-paulo-frontin\/","title":{"rendered":"Pol\u00edcia Militar de Uni\u00e3o da Vit\u00f3ria apreende ve\u00edculo &#8220;dubl\u00ea&#8221; suspeito de envolvidmento em saque de cargas entre Fluvi\u00f3polis e Paulo Frontin"},"content":{"rendered":"\n<figure class=\"wp-block-image size-full\"><img loading=\"lazy\" decoding=\"async\" width=\"897\" height=\"204\" src=\"https:\/\/radiostudiow.com.br\/site\/wp-content\/uploads\/2025\/03\/BARAO-NOVO-NOTICIAS-1.jpg\" alt=\"\" class=\"wp-image-35084\" srcset=\"https:\/\/radiostudiow.com.br\/site\/wp-content\/uploads\/2025\/03\/BARAO-NOVO-NOTICIAS-1.jpg 897w, https:\/\/radiostudiow.com.br\/site\/wp-content\/uploads\/2025\/03\/BARAO-NOVO-NOTICIAS-1-300x68.jpg 300w, https:\/\/radiostudiow.com.br\/site\/wp-content\/uploads\/2025\/03\/BARAO-NOVO-NOTICIAS-1-768x175.jpg 768w\" sizes=\"auto, (max-width: 897px) 100vw, 897px\" \/><\/figure>\n\n\n\n<p>A equipe ROTAM, em patrulhamento na BR-476, KM 308, apreendeu um ve\u00edculo Fiat Strada suspeito de ser clonado (&#8216;dubl\u00ea&#8217;) e de ser utilizado no transporte de mercadorias saqueadas de caminh\u00f5es na regi\u00e3o, entre Fluvi\u00f3polis e Paulo Frontin. O caso ocorreu por volta das 20 horas dessa sexta-feira (10).<\/p>\n\n\n\n<p>Ap\u00f3s den\u00fancia, a equipe localizou o autom\u00f3vel com caracter\u00edsticas de adultera\u00e7\u00e3o pr\u00f3ximo ao KM 308. Ao realizar a abordagem em uma propriedade \u00e0s margens da rodovia, o propriet\u00e1rio foi identificado.<\/p>\n\n\n\n<figure class=\"wp-block-image size-full\"><img loading=\"lazy\" decoding=\"async\" width=\"598\" height=\"204\" src=\"https:\/\/radiostudiow.com.br\/site\/wp-content\/uploads\/2025\/05\/BEAZY.jpg.png\" alt=\"\" class=\"wp-image-38197\" srcset=\"https:\/\/radiostudiow.com.br\/site\/wp-content\/uploads\/2025\/05\/BEAZY.jpg.png 598w, https:\/\/radiostudiow.com.br\/site\/wp-content\/uploads\/2025\/05\/BEAZY.jpg-300x102.png 300w\" sizes=\"auto, (max-width: 598px) 100vw, 598px\" \/><\/figure>\n\n\n\n<p>Durante a fiscaliza\u00e7\u00e3o, foi constatado que a numera\u00e7\u00e3o do chassi e do motor estava suprimida por a\u00e7\u00e3o humana. A placa, ap\u00f3s consulta, indicou pertencer a um ve\u00edculo id\u00eantico que estava na posse do verdadeiro dono, no estado de Santa Catarina.<\/p>\n\n\n\n<p>Diante das evid\u00eancias, o masculino que estava com o ve\u00edculo foi detido e encaminhado \u00e0 Delegacia de Pol\u00edcia Civil para os procedimentos legais cab\u00edveis.<\/p>\n","protected":false},"excerpt":{"rendered":"<p>A equipe ROTAM, em patrulhamento na BR-476, KM 308, apreendeu um ve\u00edculo Fiat Strada suspeito de ser clonado (&#8216;dubl\u00ea&#8217;) e de ser utilizado no transporte de mercadorias saqueadas de caminh\u00f5es na regi\u00e3o, entre Fluvi\u00f3polis e Paulo Frontin. O caso ocorreu por volta das 20 horas dessa sexta-feira (10). Ap\u00f3s den\u00fancia, a equipe localizou o autom\u00f3vel [&hellip;]<\/p>\n","protected":false},"author":2,"featured_media":43439,"comment_status":"open","ping_status":"open","sticky":false,"template":"","format":"standard","meta":{"footnotes":""},"categories":[2],"tags":[172],"class_list":["post-43438","post","type-post","status-publish","format-standard","has-post-thumbnail","hentry","category-policial","tag-featured"],"amp_enabled":true,"_links":{"self":[{"href":"https:\/\/radiostudiow.com.br\/site\/wp-json\/wp\/v2\/posts\/43438","targetHints":{"allow":["GET"]}}],"collection":[{"href":"https:\/\/radiostudiow.com.br\/site\/wp-json\/wp\/v2\/posts"}],"about":[{"href":"https:\/\/radiostudiow.com.br\/site\/wp-json\/wp\/v2\/types\/post"}],"author":[{"embeddable":true,"href":"https:\/\/radiostudiow.com.br\/site\/wp-json\/wp\/v2\/users\/2"}],"replies":[{"embeddable":true,"href":"https:\/\/radiostudiow.com.br\/site\/wp-json\/wp\/v2\/comments?post=43438"}],"version-history":[{"count":1,"href":"https:\/\/radiostudiow.com.br\/site\/wp-json\/wp\/v2\/posts\/43438\/revisions"}],"predecessor-version":[{"id":43440,"href":"https:\/\/radiostudiow.com.br\/site\/wp-json\/wp\/v2\/posts\/43438\/revisions\/43440"}],"wp:featuredmedia":[{"embeddable":true,"href":"https:\/\/radiostudiow.com.br\/site\/wp-json\/wp\/v2\/media\/43439"}],"wp:attachment":[{"href":"https:\/\/radiostudiow.com.br\/site\/wp-json\/wp\/v2\/media?parent=43438"}],"wp:term":[{"taxonomy":"category","embeddable":true,"href":"https:\/\/radiostudiow.com.br\/site\/wp-json\/wp\/v2\/categories?post=43438"},{"taxonomy":"post_tag","embeddable":true,"href":"https:\/\/radiostudiow.com.br\/site\/wp-json\/wp\/v2\/tags?post=43438"}],"curies":[{"name":"wp","href":"https:\/\/api.w.org\/{rel}","templated":true}]}}