{"id":43447,"date":"2025-10-11T11:14:07","date_gmt":"2025-10-11T14:14:07","guid":{"rendered":"https:\/\/radiostudiow.com.br\/site\/?p=43447"},"modified":"2025-10-11T11:14:08","modified_gmt":"2025-10-11T14:14:08","slug":"policia-militar-cumpre-mandado-de-prisao-em-antonio-olinto","status":"publish","type":"post","link":"https:\/\/radiostudiow.com.br\/site\/2025\/10\/11\/policia-militar-cumpre-mandado-de-prisao-em-antonio-olinto\/","title":{"rendered":"Pol\u00edcia Militar cumpre mandado de pris\u00e3o em Ant\u00f4nio Olinto"},"content":{"rendered":"\n<figure class=\"wp-block-image size-full\"><img loading=\"lazy\" decoding=\"async\" width=\"897\" height=\"204\" src=\"https:\/\/radiostudiow.com.br\/site\/wp-content\/uploads\/2025\/02\/SITE-GRANDE7.png\" alt=\"\" class=\"wp-image-33861\" srcset=\"https:\/\/radiostudiow.com.br\/site\/wp-content\/uploads\/2025\/02\/SITE-GRANDE7.png 897w, https:\/\/radiostudiow.com.br\/site\/wp-content\/uploads\/2025\/02\/SITE-GRANDE7-300x68.png 300w, https:\/\/radiostudiow.com.br\/site\/wp-content\/uploads\/2025\/02\/SITE-GRANDE7-768x175.png 768w\" sizes=\"auto, (max-width: 897px) 100vw, 897px\" \/><\/figure>\n\n\n\n<p><br>A equipe da Patrulha Rural da 3\u00aa Companhia, com base em informa\u00e7\u00f5es da Ag\u00eancia Local de Intelig\u00eancia (ALI), obteve dados sobre um mandado de pris\u00e3o em aberto, expedido pela Vara Criminal de S\u00e3o Mateus do Sul, com validade at\u00e9 o ano de 2025.<\/p>\n\n\n\n<p>Durante o patrulhamento na localidade de \u00c1gua Amarela de Cima, a equipe identificou o indiv\u00edduo procurado caminhando em uma estrada rural p\u00fablica. O caso foi registrado por volta das 10h30min dessa sexta-feira (10).<\/p>\n\n\n\n<figure class=\"wp-block-image size-full\"><img loading=\"lazy\" decoding=\"async\" width=\"598\" height=\"204\" src=\"https:\/\/radiostudiow.com.br\/site\/wp-content\/uploads\/2025\/05\/POLAK.png\" alt=\"\" class=\"wp-image-37847\" srcset=\"https:\/\/radiostudiow.com.br\/site\/wp-content\/uploads\/2025\/05\/POLAK.png 598w, https:\/\/radiostudiow.com.br\/site\/wp-content\/uploads\/2025\/05\/POLAK-300x102.png 300w\" sizes=\"auto, (max-width: 598px) 100vw, 598px\" \/><\/figure>\n\n\n\n<p>O suspeito, identificado e foi prontamente abordado. A equipe o cientificou sobre a exist\u00eancia do mandado judicial em seu desfavor, garantindo-lhe todos os direitos constitucionais.<\/p>\n\n\n\n<p>Foi dada voz de pris\u00e3o. O indiv\u00edduo foi conduzido ao Pronto Atendimento Municipal para a realiza\u00e7\u00e3o de exames de rotina. Em seguida, o detido foi encaminhado \u00e0 carceragem da Pol\u00edcia Penal anexa \u00e0 3a Subdivis\u00e3o Policial, onde permanecer\u00e1 \u00e0 disposi\u00e7\u00e3o da Justi\u00e7a.<\/p>\n","protected":false},"excerpt":{"rendered":"<p>A equipe da Patrulha Rural da 3\u00aa Companhia, com base em informa\u00e7\u00f5es da Ag\u00eancia Local de Intelig\u00eancia (ALI), obteve dados sobre um mandado de pris\u00e3o em aberto, expedido pela Vara Criminal de S\u00e3o Mateus do Sul, com validade at\u00e9 o ano de 2025. Durante o patrulhamento na localidade de \u00c1gua Amarela de Cima, a equipe [&hellip;]<\/p>\n","protected":false},"author":2,"featured_media":31343,"comment_status":"open","ping_status":"open","sticky":false,"template":"","format":"standard","meta":{"footnotes":""},"categories":[2],"tags":[172],"class_list":["post-43447","post","type-post","status-publish","format-standard","has-post-thumbnail","hentry","category-policial","tag-featured"],"amp_enabled":true,"_links":{"self":[{"href":"https:\/\/radiostudiow.com.br\/site\/wp-json\/wp\/v2\/posts\/43447","targetHints":{"allow":["GET"]}}],"collection":[{"href":"https:\/\/radiostudiow.com.br\/site\/wp-json\/wp\/v2\/posts"}],"about":[{"href":"https:\/\/radiostudiow.com.br\/site\/wp-json\/wp\/v2\/types\/post"}],"author":[{"embeddable":true,"href":"https:\/\/radiostudiow.com.br\/site\/wp-json\/wp\/v2\/users\/2"}],"replies":[{"embeddable":true,"href":"https:\/\/radiostudiow.com.br\/site\/wp-json\/wp\/v2\/comments?post=43447"}],"version-history":[{"count":1,"href":"https:\/\/radiostudiow.com.br\/site\/wp-json\/wp\/v2\/posts\/43447\/revisions"}],"predecessor-version":[{"id":43448,"href":"https:\/\/radiostudiow.com.br\/site\/wp-json\/wp\/v2\/posts\/43447\/revisions\/43448"}],"wp:featuredmedia":[{"embeddable":true,"href":"https:\/\/radiostudiow.com.br\/site\/wp-json\/wp\/v2\/media\/31343"}],"wp:attachment":[{"href":"https:\/\/radiostudiow.com.br\/site\/wp-json\/wp\/v2\/media?parent=43447"}],"wp:term":[{"taxonomy":"category","embeddable":true,"href":"https:\/\/radiostudiow.com.br\/site\/wp-json\/wp\/v2\/categories?post=43447"},{"taxonomy":"post_tag","embeddable":true,"href":"https:\/\/radiostudiow.com.br\/site\/wp-json\/wp\/v2\/tags?post=43447"}],"curies":[{"name":"wp","href":"https:\/\/api.w.org\/{rel}","templated":true}]}}