{"id":43453,"date":"2025-10-11T11:25:16","date_gmt":"2025-10-11T14:25:16","guid":{"rendered":"https:\/\/radiostudiow.com.br\/site\/?p=43453"},"modified":"2025-10-11T11:25:17","modified_gmt":"2025-10-11T14:25:17","slug":"policia-civil-e-pm-prendem-no-potinga-suspeito-de-homicidio-em-rio-azul","status":"publish","type":"post","link":"https:\/\/radiostudiow.com.br\/site\/2025\/10\/11\/policia-civil-e-pm-prendem-no-potinga-suspeito-de-homicidio-em-rio-azul\/","title":{"rendered":"Policia Civil e PM prendem no Potinga, suspeito de homic\u00eddio em Rio Azul"},"content":{"rendered":"\n<p>A Equipe da Delegacia de Pol\u00edcia Civil de Rebou\u00e7as, em conjunto com policiais militares da 8\u00aa CIPM, respons\u00e1veis pelo setor de intelig\u00eancia, cumpriu na manh\u00e3 desta quinta-feira (09) um Mandado de Busca e Apreens\u00e3o Domiciliar que resultou na pris\u00e3o de C.E.O., de 25 anos, foragido desde maio de 2024. O suspeito possui mandado de pris\u00e3o preventiva vigente pelo crime de homic\u00eddio qualificado.&nbsp;<\/p>\n\n\n\n<p>A opera\u00e7\u00e3o policial foi realizada em uma propriedade rural localizada na Localidade de Potinga, zona rural de Rebou\u00e7as. O Setor de Intelig\u00eancia da 8\u00aa CIPM obteve informa\u00e7\u00f5es precisas que possibilitaram a localiza\u00e7\u00e3o do foragido, que estava escondido na resid\u00eancia de seus pais. As informa\u00e7\u00f5es foram repassadas ao Delegado da Pol\u00edcia Civil de Rebou\u00e7as, Dr. Thiago Fran\u00e7a Nunes, que representou junto ao Poder Judici\u00e1rio pelo Mandado de Busca e Apreens\u00e3o, medida que foi deferida pela autoridade judicial.<\/p>\n\n\n\n<figure class=\"wp-block-image size-full\"><img loading=\"lazy\" decoding=\"async\" width=\"598\" height=\"204\" src=\"https:\/\/radiostudiow.com.br\/site\/wp-content\/uploads\/2024\/01\/SITE-MEDIO.png\" alt=\"\" class=\"wp-image-18916\" srcset=\"https:\/\/radiostudiow.com.br\/site\/wp-content\/uploads\/2024\/01\/SITE-MEDIO.png 598w, https:\/\/radiostudiow.com.br\/site\/wp-content\/uploads\/2024\/01\/SITE-MEDIO-300x102.png 300w\" sizes=\"auto, (max-width: 598px) 100vw, 598px\" \/><\/figure>\n\n\n\n<p>O crime investigado ocorreu no dia 25 de maio de 2024, durante um churrasco. Segundo as investiga\u00e7\u00f5es conduzidas pela Delegacia de Rebou\u00e7as, C.E.O. efetuou tr\u00eas disparos de arma de fogo calibre .32 a curta dist\u00e2ncia contra a v\u00edtima F.N.F. Testemunhas oculares presentes no local confirmaram que o suspeito sacou uma pistola e atirou contra a v\u00edtima, que n\u00e3o teve como se defender devido \u00e0 surpresa do ataque. Ap\u00f3s os disparos, C.E.O. fugiu do local em um ve\u00edculo Chevrolet S10. A v\u00edtima veio a falecer posteriormente em decorr\u00eancia dos ferimentos.<\/p>\n\n\n\n<p>Durante as investiga\u00e7\u00f5es, foram ouvidas cinco testemunhas que presenciaram o crime e confirmaram unanimemente a autoria dos disparos. Foram apreendidas no local duas c\u00e1psulas de muni\u00e7\u00e3o calibre .32, encaminhadas ao Instituto de Criminal\u00edstica para per\u00edcia, confirmando a materialidade delitiva. Com base nos elementos probat\u00f3rios colhidos, foi representada e deferida a pris\u00e3o preventiva do investigado, que permaneceu foragido desde a data do crime.<\/p>\n\n\n\n<figure class=\"wp-block-gallery has-nested-images columns-default is-cropped wp-block-gallery-1 is-layout-flex wp-block-gallery-is-layout-flex\">\n<figure class=\"wp-block-image size-large\"><img loading=\"lazy\" decoding=\"async\" width=\"1024\" height=\"614\" data-id=\"38784\" src=\"https:\/\/radiostudiow.com.br\/site\/wp-content\/uploads\/2025\/05\/5914fcac-c2b4-4795-a120-dc162c4a6466-1024x614.jpg\" alt=\"\" class=\"wp-image-38784\" srcset=\"https:\/\/radiostudiow.com.br\/site\/wp-content\/uploads\/2025\/05\/5914fcac-c2b4-4795-a120-dc162c4a6466-1024x614.jpg 1024w, https:\/\/radiostudiow.com.br\/site\/wp-content\/uploads\/2025\/05\/5914fcac-c2b4-4795-a120-dc162c4a6466-300x180.jpg 300w, https:\/\/radiostudiow.com.br\/site\/wp-content\/uploads\/2025\/05\/5914fcac-c2b4-4795-a120-dc162c4a6466-768x460.jpg 768w, https:\/\/radiostudiow.com.br\/site\/wp-content\/uploads\/2025\/05\/5914fcac-c2b4-4795-a120-dc162c4a6466-1536x921.jpg 1536w, https:\/\/radiostudiow.com.br\/site\/wp-content\/uploads\/2025\/05\/5914fcac-c2b4-4795-a120-dc162c4a6466-1000x600.jpg 1000w, https:\/\/radiostudiow.com.br\/site\/wp-content\/uploads\/2025\/05\/5914fcac-c2b4-4795-a120-dc162c4a6466-590x354.jpg 590w, https:\/\/radiostudiow.com.br\/site\/wp-content\/uploads\/2025\/05\/5914fcac-c2b4-4795-a120-dc162c4a6466-400x240.jpg 400w, https:\/\/radiostudiow.com.br\/site\/wp-content\/uploads\/2025\/05\/5914fcac-c2b4-4795-a120-dc162c4a6466.jpg 1600w\" sizes=\"auto, (max-width: 1024px) 100vw, 1024px\" \/><\/figure>\n\n\n\n<figure class=\"wp-block-image size-large\"><img loading=\"lazy\" decoding=\"async\" width=\"300\" height=\"180\" data-id=\"38684\" src=\"https:\/\/radiostudiow.com.br\/site\/wp-content\/uploads\/2025\/05\/SITE-PEQUENO.jpg\" alt=\"\" class=\"wp-image-38684\"\/><\/figure>\n<\/figure>\n\n\n\n<p>Durante o cumprimento do mandado, foram realizadas dilig\u00eancias em busca da arma de fogo utilizada no crime, mas n\u00e3o foi poss\u00edvel localiz\u00e1-la. Ap\u00f3s os tr\u00e2mites policiais, C.E.O. foi encaminhado ao sistema prisional, onde permanece \u00e0 disposi\u00e7\u00e3o do Poder Judici\u00e1rio.<\/p>\n\n\n\n<p>A Pol\u00edcia Civil reafirma o compromisso de servir e proteger e, para isso, conta com o aux\u00edlio da popula\u00e7\u00e3o, que poder\u00e1 entrar em contato pelos n\u00fameros 197.<\/p>\n\n\n\n<p class=\"has-text-align-center\"><em>Com informa\u00e7\u00f5es da Pol\u00edcia Civil.<\/em><\/p>\n\n\n\n<figure class=\"wp-block-gallery has-nested-images columns-default is-cropped wp-block-gallery-2 is-layout-flex wp-block-gallery-is-layout-flex\">\n<figure class=\"wp-block-image size-large\"><img loading=\"lazy\" decoding=\"async\" width=\"768\" height=\"1024\" data-id=\"43455\" src=\"https:\/\/radiostudiow.com.br\/site\/wp-content\/uploads\/2025\/10\/03-1-768x1024.jpeg\" alt=\"\" class=\"wp-image-43455\" srcset=\"https:\/\/radiostudiow.com.br\/site\/wp-content\/uploads\/2025\/10\/03-1-768x1024.jpeg 768w, https:\/\/radiostudiow.com.br\/site\/wp-content\/uploads\/2025\/10\/03-1-225x300.jpeg 225w, https:\/\/radiostudiow.com.br\/site\/wp-content\/uploads\/2025\/10\/03-1.jpeg 960w\" sizes=\"auto, (max-width: 768px) 100vw, 768px\" \/><\/figure>\n\n\n\n<figure class=\"wp-block-image size-large\"><img loading=\"lazy\" decoding=\"async\" width=\"768\" height=\"1024\" data-id=\"43457\" src=\"https:\/\/radiostudiow.com.br\/site\/wp-content\/uploads\/2025\/10\/03-3-768x1024.jpeg\" alt=\"\" class=\"wp-image-43457\" srcset=\"https:\/\/radiostudiow.com.br\/site\/wp-content\/uploads\/2025\/10\/03-3-768x1024.jpeg 768w, https:\/\/radiostudiow.com.br\/site\/wp-content\/uploads\/2025\/10\/03-3-225x300.jpeg 225w, https:\/\/radiostudiow.com.br\/site\/wp-content\/uploads\/2025\/10\/03-3.jpeg 960w\" sizes=\"auto, (max-width: 768px) 100vw, 768px\" \/><\/figure>\n\n\n\n<figure class=\"wp-block-image size-large\"><img loading=\"lazy\" decoding=\"async\" width=\"964\" height=\"1024\" data-id=\"43456\" src=\"https:\/\/radiostudiow.com.br\/site\/wp-content\/uploads\/2025\/10\/03-4-964x1024.jpeg\" alt=\"\" class=\"wp-image-43456\" srcset=\"https:\/\/radiostudiow.com.br\/site\/wp-content\/uploads\/2025\/10\/03-4-964x1024.jpeg 964w, https:\/\/radiostudiow.com.br\/site\/wp-content\/uploads\/2025\/10\/03-4-283x300.jpeg 283w, https:\/\/radiostudiow.com.br\/site\/wp-content\/uploads\/2025\/10\/03-4-768x815.jpeg 768w, https:\/\/radiostudiow.com.br\/site\/wp-content\/uploads\/2025\/10\/03-4-1447x1536.jpeg 1447w, https:\/\/radiostudiow.com.br\/site\/wp-content\/uploads\/2025\/10\/03-4.jpeg 1507w\" sizes=\"auto, (max-width: 964px) 100vw, 964px\" \/><\/figure>\n<\/figure>\n","protected":false},"excerpt":{"rendered":"<p>A Equipe da Delegacia de Pol\u00edcia Civil de Rebou\u00e7as, em conjunto com policiais militares da 8\u00aa CIPM, respons\u00e1veis pelo setor de intelig\u00eancia, cumpriu na manh\u00e3 desta quinta-feira (09) um Mandado de Busca e Apreens\u00e3o Domiciliar que resultou na pris\u00e3o de C.E.O., de 25 anos, foragido desde maio de 2024. O suspeito possui mandado de pris\u00e3o [&hellip;]<\/p>\n","protected":false},"author":2,"featured_media":43454,"comment_status":"open","ping_status":"open","sticky":false,"template":"","format":"standard","meta":{"footnotes":""},"categories":[2],"tags":[172],"class_list":["post-43453","post","type-post","status-publish","format-standard","has-post-thumbnail","hentry","category-policial","tag-featured"],"amp_enabled":true,"_links":{"self":[{"href":"https:\/\/radiostudiow.com.br\/site\/wp-json\/wp\/v2\/posts\/43453","targetHints":{"allow":["GET"]}}],"collection":[{"href":"https:\/\/radiostudiow.com.br\/site\/wp-json\/wp\/v2\/posts"}],"about":[{"href":"https:\/\/radiostudiow.com.br\/site\/wp-json\/wp\/v2\/types\/post"}],"author":[{"embeddable":true,"href":"https:\/\/radiostudiow.com.br\/site\/wp-json\/wp\/v2\/users\/2"}],"replies":[{"embeddable":true,"href":"https:\/\/radiostudiow.com.br\/site\/wp-json\/wp\/v2\/comments?post=43453"}],"version-history":[{"count":1,"href":"https:\/\/radiostudiow.com.br\/site\/wp-json\/wp\/v2\/posts\/43453\/revisions"}],"predecessor-version":[{"id":43458,"href":"https:\/\/radiostudiow.com.br\/site\/wp-json\/wp\/v2\/posts\/43453\/revisions\/43458"}],"wp:featuredmedia":[{"embeddable":true,"href":"https:\/\/radiostudiow.com.br\/site\/wp-json\/wp\/v2\/media\/43454"}],"wp:attachment":[{"href":"https:\/\/radiostudiow.com.br\/site\/wp-json\/wp\/v2\/media?parent=43453"}],"wp:term":[{"taxonomy":"category","embeddable":true,"href":"https:\/\/radiostudiow.com.br\/site\/wp-json\/wp\/v2\/categories?post=43453"},{"taxonomy":"post_tag","embeddable":true,"href":"https:\/\/radiostudiow.com.br\/site\/wp-json\/wp\/v2\/tags?post=43453"}],"curies":[{"name":"wp","href":"https:\/\/api.w.org\/{rel}","templated":true}]}}